{"id":4,"__str__":"Justificativa de Aus\u00eancia","metadata":{},"data":"2020-04-01","hora":"13:16","observacao":"O Vereador justificou a aus\u00eancia, informando o acompanhamento de sua genitora, a qual encontra-se em tratamento de sa\u00fade.","ausencia":1,"upload_anexo":null,"parlamentar":41,"sessao_plenaria":21,"tipo_ausencia":2,"materias_do_expediente":[],"materias_da_ordem_do_dia":[]}