{"id":984,"__str__":"Lei Ordin\u00e1ria n\u00ba 1.290, de 28 de abril de 1977","metadata":{},"texto_integral":"http://sapl.cmm.am.gov.br/media/sapl/public/normajuridica/1977/984/lei_n_1290_de_28_abr_1977.pdf","numero":"1290","ano":1977,"esfera_federacao":"M","data":"1977-04-28","data_publicacao":"1977-04-28","veiculo_publicacao":"DOE","pagina_inicio_publicacao":null,"pagina_fim_publicacao":null,"ementa":"AUTORIZA o Executivo Municipal a assinar o Conv\u00eanio com a Funda\u00e7\u00e3o Movimento Brasileiro de Alfabetiza\u00e7\u00e3o \u2013 MOBRAL e d\u00e1 outras provid\u00eancias.","indexacao":"PL n. 05/1977\r\nAutoria: EXECUTIVO MUNICIPAL\r\nPublica\u00e7\u00e3o: DOE de 28.04.1977, edi\u00e7\u00e3o n. 23761, Ano LXXIV\r\nPalavras-chave: conv\u00eanio, Funda\u00e7\u00e3o Movimento Brasileiro de Alfabetiza\u00e7\u00e3o \u2014 MOBRAL, Programa de Educa\u00e7\u00e3o Comunit\u00e1rio para a Sa\u00fade no Munic\u00edpio de Manaus","observacao":"Revogada pela Lei n. 2416, de 29.01.2019. Publicada no DOM de 29.01.2019, Edi\u00e7\u00e3o n. 4527, Ano XX","complemento":false,"data_vigencia":"2019-01-29","timestamp":"2023-02-17T12:54:49.969460-04:00","data_ultima_atualizacao":"2023-07-15T23:28:15.553499-04:00","ip":"172.17.0.1","ultima_edicao":"2023-02-17T12:54:49.964880-04:00","tipo":2,"materia":null,"orgao":null,"user":18,"assuntos":[48],"autores":[]}