{"id":8444,"__str__":"Decreto Legislativo n\u00ba 668, de 18 de mar\u00e7o de 2026","metadata":{},"texto_integral":"http://sapl.cmm.am.gov.br/media/sapl/public/normajuridica/2026/8444/decreto_legislativo_n_668_de_18_mar_2026.pdf","numero":"668","ano":2026,"esfera_federacao":"M","data":"2026-03-18","data_publicacao":"2026-03-18","veiculo_publicacao":"e-DOLM","pagina_inicio_publicacao":null,"pagina_fim_publicacao":null,"ementa":"CONCEDE o Diploma de Cidad\u00e3o de Manaus ao senhor Andr\u00e9 Luiz Pereira da Silva e d\u00e1 outras provid\u00eancias.","indexacao":"PDL n.  1/2026\r\nAutoria: Ver. Ivo Neto, Subscrito pelos Vers. Aldenor Lima, Allan Campelo, Capit\u00e3o Carp\u00ea, Coronel Rosses, Diego Afonso, Dione Carvalho, Dr. Eduardo Assis, Elan Alencar, Eurico Tavares, Everton Assis, Gilmar Nascimento, Jaildo Oliveira, Jander Lobato, Jo\u00e3o Paulo Janj\u00e3o, Kennedy Marques Protetor, Marcelo Serafim, Marco Castilhos, Pai Amado, Paulo Tyrone, Prof. Samuel, Raulzinho, Rodinei Ramos, Rodrigo S\u00e1, Rosivaldo Cordovil, Saimon Bessa, Sargento Salazar, S\u00e9rgio Bar\u00e9\r\nPublica\u00e7\u00e3o: e-DOLM de 18.03.2026, Edi\u00e7\u00e3o n. 2351, Ano XIII\r\nPalavras-chave: Comenda, Diploma de Cidad\u00e3o de Manaus, Andr\u00e9 Luiz Pereira da Silva","observacao":"","complemento":false,"data_vigencia":null,"timestamp":"2026-04-16T14:35:27.923856-04:00","data_ultima_atualizacao":"2026-04-16T14:35:28.074551-04:00","ip":"172.23.3.98","ultima_edicao":"2026-04-16T14:27:53.213667-04:00","tipo":4,"materia":52337,"orgao":null,"user":18,"assuntos":[14,440],"autores":[]}