{"id":8262,"__str__":"Lei Ordin\u00e1ria n\u00ba 3.613, de 08 de janeiro de 2026","metadata":{},"texto_integral":"http://sapl.cmm.am.gov.br/media/sapl/public/normajuridica/2026/8262/lei_n_3613_de_08_jan_2026_.pdf","numero":"3613","ano":2026,"esfera_federacao":"M","data":"2026-01-08","data_publicacao":"2026-01-08","veiculo_publicacao":"DOM","pagina_inicio_publicacao":null,"pagina_fim_publicacao":null,"ementa":"INSTITUI a Semana Municipal de Educa\u00e7\u00e3o Midi\u00e1tica e d\u00e1 outras provid\u00eancias.","indexacao":"PL: 305/2022\r\nAutoria: Ver. Prof. Samuel\r\nPublica\u00e7\u00e3o: DOM de 08.01.2026, Edi\u00e7\u00e3o n. 6227, Ano XXVII\r\nPalavras-chave: Calend\u00e1rio Oficial, Semana Municipal de Educa\u00e7\u00e3o Midi\u00e1tica, \u00faltima semana de outubro, Semana Global de Alfabetiza\u00e7\u00e3o Midi\u00e1tica e Informacional, Global Media and Information Literacy Week, escolas de Ensino Fundamental, Rede P\u00fablica Municipal e Privada concursos culturais, cria\u00e7\u00e3o de materiais educativos por meio das m\u00eddias digitais e/ou tradicionais relacionadas ao tema da desinforma\u00e7\u00e3o (cartaz, banner, folder, e-book, blog, meme, produ\u00e7\u00e3o audiovisual, podcast, v\u00eddeo, cinema, fotografia, jornal, rede sociais, hist\u00f3rias em quadrinhos);  educa\u00e7\u00e3o midi\u00e1tica e letramento digital, desenvolvimento da capacidade de comunica\u00e7\u00e3o e autoexpress\u00e3o, a conectividade global, a cidadania plena, engajamento c\u00edvico, o empoderamento juvenil e o fortalecimento da democracia, a\u00e7\u00f5es interdisciplinares para conscientiza\u00e7\u00e3o da popula\u00e7\u00e3o sobre os perigos da desinforma\u00e7\u00e3o.","observacao":"","complemento":false,"data_vigencia":null,"timestamp":"2026-02-20T10:03:31.979620-04:00","data_ultima_atualizacao":"2026-02-20T10:03:31.981169-04:00","ip":"172.23.3.98","ultima_edicao":"2026-02-20T10:03:31.874836-04:00","tipo":2,"materia":32580,"orgao":null,"user":18,"assuntos":[9],"autores":[]}