{"id":8205,"__str__":"Resolu\u00e7\u00e3o n\u00ba 176, de 22 de outubro de 2025","metadata":{},"texto_integral":"http://sapl.cmm.am.gov.br/media/sapl/public/normajuridica/2025/8205/resolucao_n_176_de_26_nov_2025.pdf","numero":"176","ano":2025,"esfera_federacao":"M","data":"2025-10-22","data_publicacao":"2025-10-22","veiculo_publicacao":"e-DOLM","pagina_inicio_publicacao":null,"pagina_fim_publicacao":null,"ementa":"DISP\u00d5E sobre a cria\u00e7\u00e3o, no \u00e2mbito da C\u00e2mara Municipal de Manaus, da Frente Parlamentar de Cuidados e Preven\u00e7\u00e3o \u00e0 Depress\u00e3o, ao Suic\u00eddio e \u00e0s Drogas.","indexacao":"PR n. 7/2025\r\nAutoria: Ver. Jo\u00e3o Carlos, Subscrito pelos Vers. Aldenor Lima, Capit\u00e3o Carp\u00ea, Coronel Rosses, Elan Alencar, Eurico Tavares, Ivo Neto, Jander Lobato, Joelson Silva, Jo\u00e3o Paulo, Janj\u00e3o, Kennedy Marques Protetor, Prof. Samuel, Raiff Matos, Raulzinho, Roberto Sabino, Rodinei Ramos, Rodrigo S\u00e1, Rosivaldo Cordovil, Saimon Bessa, Sargento Salazar, S\u00e9rgio Bar\u00e9. Yomara Lins, Z\u00e9 Ricardo\t\r\nPublica\u00e7\u00e3o: e-DOLM de 26.11.2025, Edi\u00e7\u00e3o n. 2299, Ano XIII\r\nPalavras-chave: articular, estabelecer parcerias, dialogar com a sociedade civil, termo de ades\u00e3o, Frente Parlamentar de Cuidados e Preven\u00e7\u00e3o \u00e0 Depress\u00e3o, ao Suic\u00eddio e \u00e0s Drogas","observacao":"","complemento":false,"data_vigencia":null,"timestamp":"2025-11-27T11:52:04.066670-04:00","data_ultima_atualizacao":"2025-11-27T11:52:04.223936-04:00","ip":"172.23.3.98","ultima_edicao":"2025-11-27T11:40:20.135833-04:00","tipo":6,"materia":51400,"orgao":null,"user":18,"assuntos":[1203,68,890,620],"autores":[]}