{"id":8056,"__str__":"Lei Ordin\u00e1ria n\u00ba 3.545, de 01 de outubro de 2025","metadata":{},"texto_integral":"http://sapl.cmm.am.gov.br/media/sapl/public/normajuridica/2025/8056/lei_n_3545_de_01_out_2025.pdf","numero":"3545","ano":2025,"esfera_federacao":"M","data":"2025-10-01","data_publicacao":"2025-10-01","veiculo_publicacao":"DOM","pagina_inicio_publicacao":null,"pagina_fim_publicacao":null,"ementa":"DISP\u00d5E sobre a estrutura organizacional da Secretaria Municipal de Comunica\u00e7\u00e3o (Semcom), suas finalidades e compet\u00eancias, fixa seu quadro de cargos comissionados e d\u00e1 outras provid\u00eancias.","indexacao":"PL \u2013 471/2025\r\nAutoria: Executivo Municipal\r\nMensagem n. 67/2025.\r\nPublica\u00e7\u00e3o: DOM de 01.10.2025, Edi\u00e7\u00e3o n. 6166, Ano XXVI\r\nPalavras-chave: estrutura organizacional da Secretaria Municipal de Comunica\u00e7\u00e3o (Semcom), Estrutura do Executivo, Servidor p\u00fablico, Quadro de Cargos em comiss\u00e3o, Secret\u00e1rio Municipal, Subsecret\u00e1rio Municipal, Consultor T\u00e9cnico DAS-5, Diretor de \u00c1rea DAS-4, Diretor DAS-4, Diretor de Departamento DAS-3, Assessor T\u00e9cnico I DAS-3, Chefe de Divis\u00e3o DAS-2, Assessor T\u00e9cnico II DAS-2, Gerente DAS-1, Assessor T\u00e9cnico III DAS-1, Assessor I CAD-3, Assessor II CAD-2, Assessor III CAD-1, Quadro de Fun\u00e7\u00f5es Gratificadas, Chefe de Setor FG-1, Chefe de Setor FG-2, Chefe de Setor FG-3, I \u2013 \u00d3rg\u00e3os de Assist\u00eancia e Assessoramento:\r\na) Gabinete do Secret\u00e1rio;\r\nb) Assessoria T\u00e9cnica;\r\nII \u2013 \u00d3rg\u00e3os de Apoio \u00e0 Gest\u00e3o:\r\na) Subsecretaria Municipal de Gest\u00e3o Administrativa e Financeira:\r\n1. Diretoria de \u00c1rea Administrativa e Financeira:\r\n1.1 Departamento Administrativo:\r\n1.1.1 Divis\u00e3o de Pessoal;\r\n1.1.2 Divis\u00e3o Administrativa;\r\n1.1.3 Divis\u00e3o de Tecnologia da Informa\u00e7\u00e3o;\r\n1.1.4 Divis\u00e3o de Patrim\u00f4nio, Material e Servi\u00e7os;\r\n1.2 Departamento de Or\u00e7amento e Finan\u00e7as:\r\n1.2.1 Divis\u00e3o de Or\u00e7amentos e Finan\u00e7as;\r\n1.2.2 Divis\u00e3o de Contabilidade;\r\nIII \u2013 \u00d3rg\u00e3os de Atividades Final\u00edsticas:\r\na) Subsecretaria Municipal de Comunica\u00e7\u00e3o Institucional:\r\n1. Diretoria de \u00c1rea de Jornalismo:\r\n1.1 Departamento de Jornalismo:\r\n1.1.1 Divis\u00e3o de Audiovisual;\r\n1.1.2 Divis\u00e3o de Fotografia e Imagem;\r\n2. Diretoria de \u00c1rea de Marketing e Publicidade:\r\n2.1 Departamento de Atendimento e Publicidade:\r\n2.1.1 Divis\u00e3o de Marketing;\r\n2.1.1.1 Ger\u00eancia de Marketing;\r\n2.1.2 Divis\u00e3o de M\u00eddia Digital.","observacao":"Revoga a Lei Delegada n. 6, de 31 de julho de 2013.","complemento":false,"data_vigencia":null,"timestamp":"2025-10-09T09:59:34.817124-04:00","data_ultima_atualizacao":"2025-10-09T09:59:34.819436-04:00","ip":"172.23.3.98","ultima_edicao":"2025-10-09T09:59:34.635297-04:00","tipo":2,"materia":51792,"orgao":null,"user":18,"assuntos":[178,608,39,301,3],"autores":[]}