{"id":8046,"__str__":"Resolu\u00e7\u00e3o n\u00ba 172, de 17 de setembro de 2025","metadata":{},"texto_integral":"http://sapl.cmm.am.gov.br/media/sapl/public/normajuridica/2025/8046/resolucao_n_172_de_17_set_2025.pdf","numero":"172","ano":2025,"esfera_federacao":"M","data":"2025-09-17","data_publicacao":"2025-09-17","veiculo_publicacao":"e-DOLM","pagina_inicio_publicacao":null,"pagina_fim_publicacao":null,"ementa":"DISP\u00d5E sobre a cria\u00e7\u00e3o, no \u00e2mbito da C\u00e2mara Municipal de Manaus, da Frente Parlamentar em Defesa da Pessoa com Transtorno do Espectro Autista e de Outras Pessoas At\u00edpicas.","indexacao":"PR n. 10/2025\r\nAutoria: Ver. Eurico Tavares, Subscrito pelos Vers. Everton Assis, Joelson Silva, Jo\u00e3o Paulo, Janj\u00e3o, Mitoso, Prof. Samuel, Prof.\u00aa Jacqueline, Raiff Matos, Raulzinho, Rodinei Ramos, Rodrigo S\u00e1, Rosivaldo Cordovil, S\u00e9rgio Bar\u00e9\r\nPublica\u00e7\u00e3o: e-DOLM de 17.09.2025, Edi\u00e7\u00e3o n. 2264, Ano XIII\r\nPalavras-chave: Frente Parlamentar em Defesa da Pessoa com Transtorno do Espectro Autista, TEA, Outras Pessoas At\u00edpicas, promover a defesa, inclus\u00e3o, promo\u00e7\u00e3o dos direitos, melhoria nas pol\u00edticas p\u00fablicas, \u00e1reas de sa\u00fade, educa\u00e7\u00e3o, acessibilidade, inclus\u00e3o social e qualidade de vida","observacao":"","complemento":false,"data_vigencia":null,"timestamp":"2025-09-18T13:54:34.463652-04:00","data_ultima_atualizacao":"2025-09-18T13:54:34.466151-04:00","ip":"172.23.3.98","ultima_edicao":"2025-09-18T13:54:34.322753-04:00","tipo":6,"materia":51485,"orgao":null,"user":18,"assuntos":[890,716,1325,878],"autores":[]}