{"id":8031,"__str__":"Lei Ordin\u00e1ria n\u00ba 3.530, de 23 de julho de 2025","metadata":{},"texto_integral":"http://sapl.cmm.am.gov.br/media/sapl/public/normajuridica/2025/8031/lei_n_3530_de_23_jul_2025.pdf","numero":"3530","ano":2025,"esfera_federacao":"M","data":"2025-07-23","data_publicacao":"2025-07-23","veiculo_publicacao":"DOM","pagina_inicio_publicacao":null,"pagina_fim_publicacao":null,"ementa":"INSTITUI a Pol\u00edtica Municipal de Aten\u00e7\u00e3o Integral \u00e0 Pessoa com Ansiedade.","indexacao":"PL \u2013 368/2023\r\nAutoria: Ver.\u00aa Thaysa Lippy, Subscrito pelos Vers. Capit\u00e3o Carp\u00ea, Everton Assis, Ivo Neto, Jander Lobato, Jo\u00e3o Carlos, Kennedy Marques Protetor, Marcel Alexandre, Marcio Tavares, Raiff Matos, Raulzinho, Roberto Sabino, Rosivaldo Cordovil, Yomara Lins, \r\nPublica\u00e7\u00e3o: DOM de 23.07.2025, Edi\u00e7\u00e3o n. 6117, Ano XXVI\r\nPalavras-chave: Pol\u00edtica Municipal de Aten\u00e7\u00e3o Integral \u00e0 Pessoa com Ansiedade, transtorno de ansiedade generalizada, dist\u00farbio, preocupa\u00e7\u00e3o excessiva, expectativa apreensiva,","observacao":"","complemento":false,"data_vigencia":null,"timestamp":"2025-08-05T15:32:46.964107-04:00","data_ultima_atualizacao":"2025-08-05T15:32:47.237479-04:00","ip":"172.23.3.98","ultima_edicao":"2025-08-05T15:27:33.244263-04:00","tipo":2,"materia":50326,"orgao":null,"user":18,"assuntos":[1317],"autores":[]}