{"id":7993,"__str__":"Lei Ordin\u00e1ria n\u00ba 3.503, de 05 de junho de 2025","metadata":{},"texto_integral":"http://sapl.cmm.am.gov.br/media/sapl/public/normajuridica/2025/7993/lei_n_3503_de_05_jun_2025.pdf","numero":"3503","ano":2025,"esfera_federacao":"M","data":"2025-06-05","data_publicacao":"2025-06-05","veiculo_publicacao":"DOM","pagina_inicio_publicacao":null,"pagina_fim_publicacao":null,"ementa":"DISP\u00d5E sobre a cria\u00e7\u00e3o do Programa de Apoio e Incentivo \u00e0 Cultura Empreendedora nas Comunidades de Manaus, com o objetivo de fomentar o empreendedorismo e a gera\u00e7\u00e3o de renda nas \u00e1reas menos favorecidas da cidade.","indexacao":"PL \u2013 46/2024\r\nAutoria: Ver.   Ivo Neto, Subscrito pelos Vers. Diego Afonso, Elan Alencar, Everton Assis, Jander Lobato, Joelson Silva, Jo\u00e3o Carlos, Kennedy Marques Protetor, Marcelo Serafim, Prof. Samuel, Raiff Matos, Raulzinho, Rosivaldo Cordovil, Thaysa Lippy\r\nPublica\u00e7\u00e3o: DOM de 05.06.2025, Edi\u00e7\u00e3o n. 6085, Ano XXVI\r\nPalavras-chave: Programa de Apoio e Incentivo \u00e0 Cultura Empreendedora nas Comunidades, empreendedorismo e a gera\u00e7\u00e3o de renda, capacita\u00e7\u00e3o empreendedora, cursos, workshops e palestras, gest\u00e3o de neg\u00f3cios, finan\u00e7as, marketing, vendas, espa\u00e7os e equipamentos para incuba\u00e7\u00e3o de empresas","observacao":"","complemento":false,"data_vigencia":null,"timestamp":"2025-06-10T16:00:54.286776-04:00","data_ultima_atualizacao":"2025-06-10T16:00:54.288923-04:00","ip":"172.23.3.98","ultima_edicao":"2025-06-10T16:00:54.132153-04:00","tipo":2,"materia":50742,"orgao":null,"user":18,"assuntos":[123,95,1310,568],"autores":[]}