{"id":7983,"__str__":"Lei Ordin\u00e1ria n\u00ba 3.494, de 15 de maio de 2025","metadata":{},"texto_integral":"http://sapl.cmm.am.gov.br/media/sapl/public/normajuridica/2025/7983/lei_n_3494_de_15_mai_2025.pdf","numero":"3494","ano":2025,"esfera_federacao":"M","data":"2025-05-15","data_publicacao":"2025-05-15","veiculo_publicacao":"DOM","pagina_inicio_publicacao":null,"pagina_fim_publicacao":null,"ementa":"DISP\u00d5E sobre a Campanha Permanente de Conscientiza\u00e7\u00e3o, Orienta\u00e7\u00e3o e Preven\u00e7\u00e3o da Febre Maculosa e d\u00e1 outras provid\u00eancias.","indexacao":"PL \u2013 356/2023\r\nAutoria: Ver. Joelson\r\nPublica\u00e7\u00e3o: DOM de 15.05.2025, Edi\u00e7\u00e3o n. 6070, Ano XXVI\r\nPalavras-chave: Campanha Permanente de Conscientiza\u00e7\u00e3o, Orienta\u00e7\u00e3o e Preven\u00e7\u00e3o da Febre Maculosa, febre do carrapato, cl\u00ednicas veterin\u00e1rias, lojas de produtos para animais, doen\u00e7a febril aguda, gravidade vari\u00e1vel, bact\u00e9ria, transmitida aos humanos por meio de carrapatos, principais sintomas, febre alta, dores de cabe\u00e7a e dores musculares, manchas r\u00f3seas nas extremidades, punhos e tornozelos, tronco, rosto, pesco\u00e7o, palmas das m\u00e3os e solas dos p\u00e9s.","observacao":"","complemento":false,"data_vigencia":null,"timestamp":"2025-05-22T17:51:41.492956-04:00","data_ultima_atualizacao":"2025-05-22T17:51:41.495656-04:00","ip":"172.23.3.98","ultima_edicao":"2025-05-22T17:51:41.349035-04:00","tipo":2,"materia":50314,"orgao":null,"user":18,"assuntos":[1300,1301],"autores":[]}