{"id":7802,"__str__":"Lei Ordin\u00e1ria n\u00ba 3.459, de 03 de janeiro de 2025","metadata":{},"texto_integral":"http://sapl.cmm.am.gov.br/media/sapl/public/normajuridica/2025/7802/lei_n_3459_de_03_jan_2025.pdf","numero":"3459","ano":2025,"esfera_federacao":"M","data":"2025-01-03","data_publicacao":"2025-01-03","veiculo_publicacao":"DOM","pagina_inicio_publicacao":null,"pagina_fim_publicacao":null,"ementa":"INSERE, no Calend\u00e1rio Oficial da Cidade de Manaus, o Festival Folcl\u00f3rico do Parque Dez, a ser realizado anualmente no m\u00eas de junho.","indexacao":"PL \u2013 003/2024\r\nAutoria: Ver. Gilmar Nascimento\r\nPublica\u00e7\u00e3o: DOM de 03.01.2025, Edi\u00e7\u00e3o n. 5981, Ano XXVI\r\nPalavras-chave: Calend\u00e1rio Oficial da Cidade de Manaus, Festival Folcl\u00f3rico do Parque Dez, Complexo Social Urbano Professora Lucy Omena (CSU do Parque 10), manifesta\u00e7\u00f5es art\u00edsticas e culturais tradicionais, incluindo dan\u00e7as, m\u00fasicas, representa\u00e7\u00f5es teatrais, express\u00f5es folcl\u00f3ricas, identidade cultural da regi\u00e3o, \u00e9tica, preserva\u00e7\u00e3o da crian\u00e7a e do adolescente, bons costumes,","observacao":"","complemento":false,"data_vigencia":null,"timestamp":"2025-01-09T12:50:15.573016-04:00","data_ultima_atualizacao":"2025-01-09T12:50:15.575155-04:00","ip":"172.23.4.225","ultima_edicao":"2025-01-09T12:50:15.398110-04:00","tipo":2,"materia":50698,"orgao":null,"user":18,"assuntos":[9],"autores":[]}