{"id":7469,"__str__":"Lei Ordin\u00e1ria n\u00ba 3.346, de 18 de junho de 2024","metadata":{},"texto_integral":"http://sapl.cmm.am.gov.br/media/sapl/public/normajuridica/2024/7469/lei_n_3346_de_18_jun_2024_.pdf","numero":"3346","ano":2024,"esfera_federacao":"M","data":"2024-06-18","data_publicacao":"2024-06-18","veiculo_publicacao":"DOM","pagina_inicio_publicacao":null,"pagina_fim_publicacao":null,"ementa":"ALTERA a Lei n. 2.928, de 7 de julho de 2022, que disp\u00f5e sobre o Plano de Cargos, Carreiras e Remunera\u00e7\u00e3o (PCCR) dos servidores p\u00fablicos efetivos da \u00c1rea N\u00e3o Espec\u00edfica do Poder Executivo Municipal e d\u00e1 outras provid\u00eancias.","indexacao":"PL n. 311/2024\r\nAutoria: Executivo Municipal\r\nPublica\u00e7\u00e3o: DOM de 18.06.2024, Edi\u00e7\u00e3o n. 5848, Ano XXV\r\nPalavras-chave:  Plano de Cargos, Carreiras e Remunera\u00e7\u00e3o, PCCR, servidores p\u00fablicos efetivos da \u00c1rea N\u00e3o Espec\u00edfica do Poder Executivo Municipal, Enquadramento Financeiro, posi\u00e7\u00e3o do servidor investido em cargo efetivo da \u00c1rea N\u00e3o Espec\u00edfica, Municipalidade, situa\u00e7\u00e3o funcional, servidores enquadrados funcionalmente, tempo de servi\u00e7o nos cargos, titularidade, Secretaria Municipal de Administra\u00e7\u00e3o, Planejamento e Gest\u00e3o, enquadramento financeiro, vantagem concedida, Setor de Pessoal, efeitos financeiros do enquadramento, Di\u00e1rio Oficial do Munic\u00edpio, cumula\u00e7\u00e3o entre o enquadramento, contabiliza\u00e7\u00e3o da gratifica\u00e7\u00e3o por especializa\u00e7\u00e3o, mestrado ou doutorado, c\u00f4mputo da Vantagem Pessoal Nominalmente Identificada (VPNI), habilitado \u00e0 promo\u00e7\u00e3o por qualifica\u00e7\u00e3o profissional, servidor da \u00c1rea N\u00e3o Espec\u00edfica, interst\u00edcio, efetivo exerc\u00edcio, promo\u00e7\u00e3o, preenchimento dos requisitos","observacao":"Altera a Lei n. 2.928, de 7 de julho de 2022, \r\nVer o art. 6.\u00ba, inciso III, da Lei n. 205, de 15 de julho de 1993,","complemento":false,"data_vigencia":null,"timestamp":"2025-02-17T12:36:57.396948-04:00","data_ultima_atualizacao":"2025-02-17T12:36:57.398688-04:00","ip":"172.23.4.225","ultima_edicao":"2025-02-17T12:36:57.265729-04:00","tipo":2,"materia":51041,"orgao":null,"user":18,"assuntos":[194,3],"autores":[]}