{"id":7463,"__str__":"Lei Ordin\u00e1ria n\u00ba 3.341, de 13 de junho de 2024","metadata":{},"texto_integral":"http://sapl.cmm.am.gov.br/media/sapl/public/normajuridica/2024/7463/lei_n_3341_de_13_jun_2024_.pdf","numero":"3341","ano":2024,"esfera_federacao":"M","data":"2024-06-13","data_publicacao":"2024-06-13","veiculo_publicacao":"DOM","pagina_inicio_publicacao":null,"pagina_fim_publicacao":null,"ementa":"DISP\u00d5E sobre a remo\u00e7\u00e3o de ve\u00edculo automotor abandonado ou estacionado em situa\u00e7\u00e3o que caracterize abandono em vias p\u00fablicas no per\u00edmetro do munic\u00edpio de Manaus.","indexacao":"PL n. 011/2022\r\nAutoria: Ver. Cap. Carp\u00ea Andrade\r\nPublica\u00e7\u00e3o: DOM de 13.06.2024, Edi\u00e7\u00e3o n. 5845, Ano XXV\r\nPalavras-chave: remo\u00e7\u00e3o de ve\u00edculo automotor abandonado ou estacionado, situa\u00e7\u00e3o que caracterize abandono, vias p\u00fablicas, carca\u00e7as, chassis ou partes de ve\u00edculos abandonados, remo\u00e7\u00e3o, abandonado o ve\u00edculo estacionado, fluxo de ve\u00edculos, pedestres ou presta\u00e7\u00e3o de servi\u00e7os p\u00fablicos, coberto com qualquer tipo de material, estado de decomposi\u00e7\u00e3o de sua carroceria, sinais de deteriora\u00e7\u00e3o, risco \u00e0 coletividade, sa\u00fade p\u00fablica, objeto de vandalismo, placa de identifica\u00e7\u00e3o obrigat\u00f3ria, poss\u00edvel a identifica\u00e7\u00e3o do n\u00famero de chassi, propriet\u00e1rio, possuidor ou deposit\u00e1rio do ve\u00edculo, ve\u00edculo removido pelo \u00f3rg\u00e3o de tr\u00e2nsito municipal,  notifica\u00e7\u00e3o ao propriet\u00e1rio, possuidor ou deposit\u00e1rio, determinando a remo\u00e7\u00e3o do ve\u00edculo deposit\u00e1rio, apresenta\u00e7\u00e3o da documenta\u00e7\u00e3o do ve\u00edculo regularizada, d\u00e9bitos legais quitados, pagamento de despesas de remo\u00e7\u00e3o, leiloados como sucata pelo respectivo \u00f3rg\u00e3o de tr\u00e2nsito municipal, venda dos ve\u00edculos, reclama\u00e7\u00f5es e den\u00fancias sobre abandono ou estacionamento de ve\u00edculos,","observacao":"","complemento":false,"data_vigencia":null,"timestamp":"2025-02-17T12:33:23.718397-04:00","data_ultima_atualizacao":"2025-02-17T12:33:23.720170-04:00","ip":"172.23.4.225","ultima_edicao":"2025-02-17T12:33:23.558234-04:00","tipo":2,"materia":22966,"orgao":null,"user":18,"assuntos":[109,51],"autores":[]}