{"id":7313,"__str__":"Lei Ordin\u00e1ria n\u00ba 3.277, de 04 de mar\u00e7o de 2024","metadata":{},"texto_integral":"http://sapl.cmm.am.gov.br/media/sapl/public/normajuridica/2024/7313/lei_n_3277_de_04_mar_2024_.pdf","numero":"3277","ano":2024,"esfera_federacao":"M","data":"2024-03-04","data_publicacao":"2024-03-04","veiculo_publicacao":"DOM","pagina_inicio_publicacao":null,"pagina_fim_publicacao":null,"ementa":"INCLUI, no Calend\u00e1rio Oficial da Cidade de Manaus, o Dia do Atleta Paraol\u00edmpico e d\u00e1 outras provid\u00eancias.","indexacao":"PL n. 679/2021\r\nAutoria: Ver. Allan Campelo\r\nPublica\u00e7\u00e3o: DOM de 04.03.2024, Edi\u00e7\u00e3o n. 5777, Ano XXV\r\nPalavras-chave: Calend\u00e1rio Oficial da Cidade de Manaus, Dia do Atleta Paraol\u00edmpico, homenagem, atletas pessoas com defici\u00eancia, dia 20 de setembro","observacao":"","complemento":false,"data_vigencia":null,"timestamp":"2025-02-17T10:06:48.499571-04:00","data_ultima_atualizacao":"2025-02-17T10:06:48.501356-04:00","ip":"172.23.4.225","ultima_edicao":"2025-02-17T10:06:48.386942-04:00","tipo":2,"materia":14371,"orgao":null,"user":18,"assuntos":[185,1028,9,143,295],"autores":[]}