{"id":7234,"__str__":"Lei Ordin\u00e1ria n\u00ba 3.262, de 03 de janeiro de 2024","metadata":{},"texto_integral":"http://sapl.cmm.am.gov.br/media/sapl/public/normajuridica/2024/7234/lei_n_3262_de_03_jan_2024_.pdf","numero":"3262","ano":2024,"esfera_federacao":"M","data":"2024-01-03","data_publicacao":"2024-01-03","veiculo_publicacao":"DOM","pagina_inicio_publicacao":null,"pagina_fim_publicacao":null,"ementa":"INSTITUI a Semana Municipal de Conscientiza\u00e7\u00e3o e Defesa dos Direitos das Pessoas com Nanismo, cria o Dia Municipal de Combate ao Preconceito contra as Pessoas com Nanismo e d\u00e1 outras provid\u00eancias.","indexacao":"PPL n. 002/2023\r\nAutoria: Ver. Prof. Samuel\r\nPublica\u00e7\u00e3o: DOM de 03.01.2024, edi\u00e7\u00e3o n. 5737, Ano XXV\r\nPalavras-chave: Calend\u00e1rio oficial, Semana Municipal de Conscientiza\u00e7\u00e3o e Defesa dos Direitos das Pessoas com Nanismo, Dia Municipal de Combate ao Preconceito contra as Pessoas com Nanismo, parcerias ou colabora\u00e7\u00e3o, Poderes Legislativo e Executivo, \u00f3rg\u00e3os p\u00fablicos e privados, associa\u00e7\u00f5es e entidades, atividades, discuss\u00e3o, reflex\u00e3o e divulga\u00e7\u00e3o de dados sobre o nanismo, formas principais de diagn\u00f3stico, sintomas e tratamento, debates, palestras, semin\u00e1rios e f\u00f3runs, pol\u00edticas de prote\u00e7\u00e3o, informa\u00e7\u00f5es, aprimorar os avan\u00e7os cient\u00edficos sobre o nanismo, divulga\u00e7\u00e3o, execu\u00e7\u00e3o das atividades.","observacao":"","complemento":false,"data_vigencia":null,"timestamp":"2025-02-17T09:48:45.886183-04:00","data_ultima_atualizacao":"2025-02-17T09:48:45.888618-04:00","ip":"172.23.4.225","ultima_edicao":"2025-02-17T09:48:45.721360-04:00","tipo":2,"materia":49903,"orgao":null,"user":18,"assuntos":[9],"autores":[]}