{"id":7146,"__str__":"Lei Ordin\u00e1ria n\u00ba 3.193, de 07 de novembro de 2023","metadata":{},"texto_integral":"http://sapl.cmm.am.gov.br/media/sapl/public/normajuridica/2023/7146/lei_n_3193_de_07_nov_2023.pdf","numero":"3193","ano":2023,"esfera_federacao":"M","data":"2023-11-07","data_publicacao":"2023-11-07","veiculo_publicacao":"DOM","pagina_inicio_publicacao":null,"pagina_fim_publicacao":null,"ementa":"DISP\u00d5E sobre a obrigatoriedade de supermercados, hipermercados e atacad\u00f5es possu\u00edrem carrinhos de compras adaptados \u00e0s pessoas com defici\u00eancia no \u00e2mbito do munic\u00edpio de Manaus e d\u00e1 outras provid\u00eancias.","indexacao":"PL n. 279/2019\r\nAutoria: Vers.  Fransu\u00e1, Gl\u00f3ria Carratte, Jaildo Oliveira, Marcel Alexandre, Prof. Samuel, Rosivaldo Cordovil, Wallace Oliveira\r\nPublica\u00e7\u00e3o: DOM de 07.11.2023, edi\u00e7\u00e3o n. 5701, Ano XXIV\r\nPalavras-chave: supermercados, hipermercados, atacad\u00f5es, carrinhos de compras adaptados \u00e0s pessoas com defici\u00eancia, natureza f\u00edsica, mental, intelectual ou sensorial","observacao":"Ver art. 40, inciso IX, da Lei n. 1.838, de 16 de janeiro de 2014, alterada pela Lei n. 2.402, de 16 de janeiro de 2019.","complemento":false,"data_vigencia":null,"timestamp":"2023-12-03T23:27:35.582405-04:00","data_ultima_atualizacao":"2023-12-03T23:27:35.582590-04:00","ip":"172.17.0.1","ultima_edicao":"2023-12-03T23:27:35.578251-04:00","tipo":2,"materia":1600,"orgao":null,"user":18,"assuntos":[1105,295,221],"autores":[]}