{"id":7073,"__str__":"Lei Ordin\u00e1ria n\u00ba 3.136, de 01 de setembro de 2023","metadata":{},"texto_integral":"http://sapl.cmm.am.gov.br/media/sapl/public/normajuridica/2023/7073/lei_n_3136_de_01_set_2023.pdf","numero":"3136","ano":2023,"esfera_federacao":"M","data":"2023-09-01","data_publicacao":"2023-09-01","veiculo_publicacao":"DOM","pagina_inicio_publicacao":null,"pagina_fim_publicacao":null,"ementa":"EQUIPARA as pessoas que especifica \u00e0s pessoas com defici\u00eancia para fins de concess\u00e3o do direito de atendimento priorit\u00e1rio.","indexacao":"PL n. 245/2022\r\nAutoria: Vers.  Mitoso, Alonso Oliveira, Capit\u00e3o Carp\u00ea, Elan Alencar, Gl\u00f3ria Carratte, Ivo Neto, Jaildo Oliveira, Kennedy Marques, Marcel Alexandre, Peixoto, \r\nProf. Samuel, Raiff Matos, Raulzinho, Rosinaldo Bual, Rosivaldo Cordovil, Wallace Oliveira\r\nPublica\u00e7\u00e3o: DOM de 01.09.2023, edi\u00e7\u00e3o n. 5663, Ano XXIV\r\nPalavras-chave: Pessoas com necessidades especiais, defici\u00eancia, concess\u00e3o do direito de atendimento priorit\u00e1rio, pessoa com defici\u00eancia, estabelecimentos banc\u00e1rios, comerciais,  pessoas em tratamento radioter\u00e1pico ou quimioter\u00e1pico, hemodi\u00e1lise, ostomizados, bolsa coletora, limita\u00e7\u00f5es ou comprometimentos, condi\u00e7\u00f5es equiparadas \u00e0 defici\u00eancia","observacao":"","complemento":false,"data_vigencia":null,"timestamp":"2023-09-04T13:59:54.254150-04:00","data_ultima_atualizacao":"2023-09-04T13:59:54.254351-04:00","ip":"172.17.0.1","ultima_edicao":"2023-09-04T13:59:54.249779-04:00","tipo":2,"materia":29578,"orgao":null,"user":18,"assuntos":[338,1105,295,59],"autores":[]}