{"id":7057,"__str__":"Lei Ordin\u00e1ria n\u00ba 3.122, de 18 de agosto de 2023","metadata":{},"texto_integral":"http://sapl.cmm.am.gov.br/media/sapl/public/normajuridica/2023/7057/lei_n_3122_de_18_ago_2023.pdf","numero":"3122","ano":2023,"esfera_federacao":"M","data":"2023-08-18","data_publicacao":"2023-08-18","veiculo_publicacao":"DOM","pagina_inicio_publicacao":null,"pagina_fim_publicacao":null,"ementa":"DISP\u00d5E sobre a prioridade para a marca\u00e7\u00e3o de consultas dermatol\u00f3gicas e oftalmol\u00f3gicas para pessoas com acromatose (albinismo) no munic\u00edpio de Manaus","indexacao":"PL n. 408/2022\r\nAutoria: Vers. Yomara Lins, Jaildo Oliveira, Jander Lobato, Kennedy Marques, Marcel Alexandre, Peixoto, Fransu\u00e1\r\nPublica\u00e7\u00e3o: DOM de 18.08.2023, edi\u00e7\u00e3o n. 5653, Ano XXIV\r\nPalavras-chave: prioridade, marca\u00e7\u00e3o de consultas dermatol\u00f3gicas, oftalmol\u00f3gicas, pessoas com acromatose, albinismo,","observacao":"","complemento":false,"data_vigencia":null,"timestamp":"2023-08-30T23:45:50.964207-04:00","data_ultima_atualizacao":"2023-08-30T23:45:50.964433-04:00","ip":"172.17.0.1","ultima_edicao":"2023-08-30T23:45:50.960321-04:00","tipo":2,"materia":44212,"orgao":null,"user":18,"assuntos":[1112,1113],"autores":[]}