{"id":7053,"__str__":"Emenda \u00e0 Loman n\u00ba 110, de 28 de agosto de 2023","metadata":{},"texto_integral":"http://sapl.cmm.am.gov.br/media/sapl/public/normajuridica/2023/7053/emenda_a_loman_n_110_de_28_ago_2023_.pdf","numero":"110","ano":2023,"esfera_federacao":"M","data":"2023-08-28","data_publicacao":"2023-08-29","veiculo_publicacao":"e-DOLM","pagina_inicio_publicacao":1,"pagina_fim_publicacao":2,"ementa":"ALTERA, acrescenta e revoga dispositivos que especifica da Lei Org\u00e2nica do Munic\u00edpio de Manaus e d\u00e1 outras provid\u00eancias.","indexacao":"ALTERA, acrescenta e revoga dispositivos que especifica da Lei Org\u00e2nica do Munic\u00edpio de Manaus e d\u00e1 outras provid\u00eancias.\r\nLicen\u00e7a maternidade\r\nLicen\u00e7a paternidade\r\nCompet\u00eancia privativa da Mesa Diretora\r\nCompet\u00eancia privativa do presidente da CMM\r\n\r\n\r\nVer Lei n. 1.118/1971  \r\nVer inciso X do art. 109 da Constitui\u00e7\u00e3o do Estado do Amazonas, e \u00a7 12 do art. 37 da Constitui\u00e7\u00e3o Federal","observacao":"PEL n. 10/2023\r\nAutoria: Mesa Diretora da CMM\r\nPublica\u00e7\u00e3o: e-DOLM de 29.08.2023, edi\u00e7\u00e3o n. 1869, Ano XI\r\nPalavras-chave: Servidor P\u00fablico, maternidade, paternidade, Licen\u00e7a Maternidade, prote\u00e7\u00e3o \u00e0 maternidade, Licen\u00e7a Paternidade, parto, prote\u00e7\u00e3o \u00e0 paternidade, guarda judicial unilateral da crian\u00e7a, ado\u00e7\u00e3o, decis\u00e3o judicial concessiva, cargos efetivos e comissionados, cargos pol\u00edticos, ado\u00e7\u00e3o de crian\u00e7as, Estatuto da Crian\u00e7a e do Adolescente, nomea\u00e7\u00e3o, exonera\u00e7\u00e3o, demiss\u00e3o, aposentadoria, Estatuto, Plano de Cargos, Carreiras e Vencimentos, Servidores da C\u00e2mara Municipal de Manaus, nomear, exonerar, demitir e aposentar, compete privativamente \u00e0 Mesa Diretora, regime jur\u00eddico dos servidores, cria\u00e7\u00e3o, estrutura\u00e7\u00e3o e atribui\u00e7\u00f5es dos \u00f3rg\u00e3os internos, regime jur\u00eddico dos servidores, criar, transformar e extinguir cargos, empregos e fun\u00e7\u00f5es na Administra\u00e7\u00e3o do Poder Legislativo Municipal, teto remunerat\u00f3rio aos ocupantes de cargos, fun\u00e7\u00f5es e empregos p\u00fablicos da administra\u00e7\u00e3o direta, aut\u00e1rquica e fundacional do Munic\u00edpio de Manaus,  vencimentos, proventos de aposentadoria, pens\u00f5es, outra esp\u00e9cie remunerat\u00f3ria, verbas de car\u00e1ter indenizat\u00f3rio, criar planos de incentivo \u00e0 aposentadoria volunt\u00e1ria, crit\u00e9rios e vantagens, vedada a revers\u00e3o da aposentadoria","complemento":false,"data_vigencia":null,"timestamp":"2026-02-02T14:25:19.335250-04:00","data_ultima_atualizacao":"2026-02-02T14:25:19.336433-04:00","ip":"172.23.3.98","ultima_edicao":"2026-02-02T14:25:18.901506-04:00","tipo":5,"materia":50409,"orgao":null,"user":18,"assuntos":[3],"autores":[]}