{"id":7017,"__str__":"Lei Ordin\u00e1ria n\u00ba 3.101, de 17 de julho de 2023","metadata":{},"texto_integral":"http://sapl.cmm.am.gov.br/media/sapl/public/normajuridica/2023/7017/lei_n_3101_de_17_jul_2023.pdf","numero":"3101","ano":2023,"esfera_federacao":"M","data":"2023-07-17","data_publicacao":"2023-07-17","veiculo_publicacao":"DOM","pagina_inicio_publicacao":null,"pagina_fim_publicacao":null,"ementa":"DISP\u00d5E sobre a presta\u00e7\u00e3o de servi\u00e7os de psicologia e servi\u00e7o social na rede p\u00fablica municipal de educa\u00e7\u00e3o b\u00e1sica e d\u00e1 outras provid\u00eancias.","indexacao":"PL n. 170/2021\r\nAutoria: Ver.  Fransu\u00e1, Capit\u00e3o Carp\u00ea, Dr. Eduardo Assis, Elan Alencar, Ivo Neto, Kennedy Marques, Lissandro Breval, Marcel Alexandre, Peixoto, Raiff Matos, Raulzinho, Roberto Sabino, Rodrigo Guedes, Yomara Lins\t\r\nPublica\u00e7\u00e3o: DOM de 17.07.2023, edi\u00e7\u00e3o n. 5629, Ano XXIV\r\nPalavras-chave: presta\u00e7\u00e3o de servi\u00e7os de psicologia, servi\u00e7o social, rede p\u00fablica municipal de educa\u00e7\u00e3o b\u00e1sica, profissionais e estagi\u00e1rios da \u00e1rea, comunidade escolar, fam\u00edlias, corpo docente e discente, dire\u00e7\u00e3o, auxiliares de ensino, equipe t\u00e9cnica, atendimento preventivo e consultivo, necessidades educacionais especiais dos alunos, identifica\u00e7\u00e3o comportamental dos alunos, viol\u00eancia dom\u00e9stica, ass\u00e9dio moral, bullying, viol\u00eancia sexual, uso de drogas, transtornos psicol\u00f3gicos p\u00f3s-covid-19, parcerias com universidades p\u00fablicas e privadas","observacao":"","complemento":false,"data_vigencia":null,"timestamp":"2023-07-18T17:31:38.406295-04:00","data_ultima_atualizacao":"2023-07-18T17:31:38.415174-04:00","ip":"172.17.0.1","ultima_edicao":"2023-07-18T17:16:36.091059-04:00","tipo":2,"materia":5808,"orgao":null,"user":18,"assuntos":[1012,182,152],"autores":[]}