{"id":7002,"__str__":"Lei Ordin\u00e1ria n\u00ba 3.087, de 03 de julho de 2023","metadata":{},"texto_integral":"http://sapl.cmm.am.gov.br/media/sapl/public/normajuridica/2023/7002/lei_n_3087_de_03_jul_2023.pdf","numero":"3087","ano":2023,"esfera_federacao":"M","data":"2023-07-03","data_publicacao":"2023-07-03","veiculo_publicacao":"DOM","pagina_inicio_publicacao":1,"pagina_fim_publicacao":1,"ementa":"INSTITUI, no Calend\u00e1rio Oficial da Cidade de Manaus, o Dia do Conservadorismo e d\u00e1 outras provid\u00eancias","indexacao":"PL n. 628/2021\r\nAutoria: Vers. Raiff Matos, Capit\u00e3o Carp\u00ea, Dione Carvalho, Elan Alencar, Jander Lobato, Joelson Silva, Jo\u00e3o Carlos, Kennedy Marques, Marcel Alexandre, Marcio Tavares, Mitoso, Peixoto, Raulzinho, Roberto Sabino, Rosinaldo Bual, Rosivaldo Cordovil, Wallace Oliveira, Yomara Lins,\r\nPublica\u00e7\u00e3o: DOM de 03.07.2023, edi\u00e7\u00e3o n. 5619, Ano XXIV\r\nPalavras-chave: Calend\u00e1rio Oficial, Dia do Conservadorismo, defesa e manuten\u00e7\u00e3o das institui\u00e7\u00f5es sociais tradicionais, fam\u00edlia, comunidade local, religi\u00e3o, usos e costumes, tradi\u00e7\u00f5es e conven\u00e7\u00f5es, agenda dos departamentos municipais de cultura e educa\u00e7\u00e3o, eventos, debates, palestras, rodas de conversa, conservadorismo, literatura, a fim de disseminar informa\u00e7\u00f5es, constru\u00e7\u00e3o do cidad\u00e3o","observacao":"","complemento":false,"data_vigencia":null,"timestamp":"2023-07-04T10:26:39.517873-04:00","data_ultima_atualizacao":"2023-07-04T10:26:39.523927-04:00","ip":"172.17.0.1","ultima_edicao":"2023-07-04T10:13:31.333116-04:00","tipo":2,"materia":13152,"orgao":null,"user":18,"assuntos":[9],"autores":[140,137,139,142,23,143,145,27,148,146,135,149,46,41,45,47,50,155]}