{"id":6980,"__str__":"Lei Ordin\u00e1ria n\u00ba 3.071, de 15 de junho de 2023","metadata":{},"texto_integral":"http://sapl.cmm.am.gov.br/media/sapl/public/normajuridica/2023/6980/lei_n_3071_de_15_jun_2023.pdf","numero":"3071","ano":2023,"esfera_federacao":"M","data":"2023-06-15","data_publicacao":"2023-06-15","veiculo_publicacao":"DOM","pagina_inicio_publicacao":null,"pagina_fim_publicacao":null,"ementa":"INSTITUI a Lei de Gest\u00e3o de Bens Im\u00f3veis P\u00fablicos Municipais.","indexacao":"PL n. 286/2023\r\nAutoria: Executivo Municipal\r\nMensagem 024/2023\r\nPublica\u00e7\u00e3o: DOM de 15.06.2023, edi\u00e7\u00e3o n. 5606, Ano XXIV\r\nPalavras-chave: Patrim\u00f4nio Municipal, Gest\u00e3o de Bens Im\u00f3veis P\u00fablicos Municipais, aquisi\u00e7\u00e3o, destina\u00e7\u00e3o, utiliza\u00e7\u00e3o, regulariza\u00e7\u00e3o e aliena\u00e7\u00e3o dos bens im\u00f3veis, pra\u00e7as e ruas p\u00fablicas integrantes do per\u00edmetro urbano, pr\u00e9dios p\u00fablicos afetados aos servi\u00e7os p\u00fablicos municipais, edif\u00edcios, escolas, postos de sa\u00fade, bens fundi\u00e1rios, atos interventoriais, loteamentos, \u00e1reas institucionais e verdes, desapropria\u00e7\u00e3o, terras devolutas, bem de uso comum do povo, bem de uso especial, bem de uso dominical, identifica, demarca, cadastra, registrar\u00e1 os im\u00f3veis, pol\u00edtica municipal de habita\u00e7\u00e3o, assuntos fundi\u00e1rios, matr\u00edcula de glebas, terras devolutas transferidas, planta e memorial descritivo do im\u00f3vel p\u00fablico, intima\u00e7\u00e3o dos confrontantes, planta e no memorial descritivo do im\u00f3vel p\u00fablico, planta de parcelamento, parcelamento do solo urbano implantado, matr\u00edcula imobili\u00e1ria, discrimina\u00e7\u00e3o judicial de terras, desapropria\u00e7\u00e3o, utilidade p\u00fablica e interesse social, pol\u00edtica municipal de habita\u00e7\u00e3o e assuntos fundi\u00e1rios, aux\u00edlio t\u00e9cnico, \u00f3rg\u00e3o ou entidade fundi\u00e1ria, identifica\u00e7\u00e3o, im\u00f3veis expropriados, elabora\u00e7\u00e3o de memorial descritivo, levantamento de matr\u00edculas imobili\u00e1rias, cadastro de Imposto sobre \r\na Propriedade Predial e Territorial Urbana, IPTU, instru\u00e7\u00e3o de desapropria\u00e7\u00f5es, utiliza\u00e7\u00e3o, incolumidade, conserva\u00e7\u00e3o e guarda do im\u00f3vel, tutela administrativa do patrim\u00f4nio imobili\u00e1rio, incolumidade das terras e edifica\u00e7\u00f5es, invas\u00e3o e a ocupa\u00e7\u00e3o irregular de im\u00f3vel, regulariza\u00e7\u00e3o, notifica\u00e7\u00e3o, invasor, retirada for\u00e7ada, ressarcimento, legitimidade da ocupa\u00e7\u00e3o, destinados ao uso p\u00fablico ou particular, pol\u00edtica municipal de habita\u00e7\u00e3o e assuntos fundi\u00e1rios, em rela\u00e7\u00e3o aos im\u00f3veis n\u00e3o edificados, Secret\u00e1rio Municipal de Administra\u00e7\u00e3o, Planejamento e Gest\u00e3o, im\u00f3veis edificados, terras p\u00fablicas, Meio Urbano, terras devolutas, \u00e1reas p\u00fablicas desocupadas ou subutilizadas, assentamentos de popula\u00e7\u00e3o de baixa renda, \u00e0 instala\u00e7\u00e3o de equipamentos urbanos e comunit\u00e1rios,  \u00e1reas verdes ou de lazer, saneamento ambiental, infraestrutura urbana, transporte, \u00e1reas no meio urbano, normas urban\u00edsticas, disciplina local do uso e parcelamento do solo, equil\u00edbrio ambiental, im\u00f3veis urbanos edificados de propriedade municipal, subutilizados, sem uso definido, abrigo da sede de \u00f3rg\u00e3os e entidades p\u00fablicas, Semad, aliena\u00e7\u00e3o, exist\u00eancia de interesse social, pol\u00edtica municipal de habita\u00e7\u00e3o e assuntos, devolu\u00e7\u00e3o do im\u00f3vel, edifica\u00e7\u00e3o em condom\u00ednio, cess\u00e3o do uso de im\u00f3veis, concess\u00e3o de direito real de uso, concess\u00e3o de uso especial, moradia, cess\u00e3o de uso e titula\u00e7\u00e3o provis\u00f3ria de posse, cassa\u00e7\u00e3o, t\u00edtulo de outorga, acess\u00f5es e benfeitorias, concess\u00e3o, Autoriza\u00e7\u00e3o de Uso, autoriza\u00e7\u00e3o prec\u00e1ria de uso de im\u00f3vel do Munic\u00edpio, atividades transit\u00f3rias ou epis\u00f3dicas, Permiss\u00e3o de Uso, classifica\u00e7\u00e3o do bem p\u00fablico municipal, explora\u00e7\u00e3o de servi\u00e7os, lanchonete, restaurante, papelaria e reprodu\u00e7\u00e3o gr\u00e1fica, respeitada a necessidade de licita\u00e7\u00e3o, salvo, facultada a permiss\u00e3o onerosa de uso de terreno p\u00fablico, permiss\u00e3o de uso pressup\u00f5e licita\u00e7\u00e3o, Concess\u00e3o de Uso, gratuita ou onerosamente, Direito de Superf\u00edcie e da Concess\u00e3o de Direito Real de Uso, im\u00f3veis dominicais o direito de superf\u00edcie, concess\u00e3o real de uso, direito real resol\u00favel, t\u00edtulo gratuito ou oneroso, industrializa\u00e7\u00e3o, habita\u00e7\u00e3o, cultivo e urbaniza\u00e7\u00e3o, direito real, aliena\u00e7\u00e3o do im\u00f3vel, transfer\u00eancia do direito real, o respectivo titular, terreno, constru\u00e7\u00e3o ou planta\u00e7\u00e3o, indeniza\u00e7\u00e3o, direito real de uso, pessoas naturais, primazia \u00e0 popula\u00e7\u00e3o vulner\u00e1vel, benefici\u00e1rios de programas habitacionais e fundi\u00e1rios de regulariza\u00e7\u00e3o, transfer\u00eancia da propriedade, institui\u00e7\u00f5es filantr\u00f3picas, institui\u00e7\u00f5es sociais, institui\u00e7\u00f5es de assist\u00eancia social, Concess\u00e3o de Uso Especial para Fins de Moradia, propriet\u00e1rio ou concession\u00e1rio, herdeiro leg\u00edtimo, im\u00f3vel urbano ou rural, Cess\u00e3o de Uso, T\u00edtulo Provis\u00f3rio de Posse de Terras Municipais,  doa\u00e7\u00e3o, car\u00e1ter educacional, cultural, de sa\u00fade, assist\u00eancia social, indeniza\u00e7\u00e3o por benfeitorias, morte do donat\u00e1rio, Permuta, Investidura, incorpora\u00e7\u00e3o ao capital de empresa p\u00fablica, sociedade de economia mista, Cons\u00f3rcio Imobili\u00e1rio, im\u00f3vel n\u00e3o parcelado, n\u00facleos urbanos informais, sucessores","observacao":"Ver Lei Federal n. 6.383, de 7 de dezembro de 1976","complemento":false,"data_vigencia":null,"timestamp":"2023-06-19T14:21:10.413385-04:00","data_ultima_atualizacao":"2023-06-19T14:21:10.413571-04:00","ip":"172.17.0.1","ultima_edicao":"2023-06-19T14:21:10.409008-04:00","tipo":2,"materia":50227,"orgao":null,"user":18,"assuntos":[170,4],"autores":[106]}