{"id":6915,"__str__":"Lei Ordin\u00e1ria n\u00ba 3.026, de 03 de abril de 2023","metadata":{},"texto_integral":"http://sapl.cmm.am.gov.br/media/sapl/public/normajuridica/2023/6915/lei_n_3026_de_03_abr_2023.pdf","numero":"3026","ano":2023,"esfera_federacao":"M","data":"2023-04-03","data_publicacao":"2023-04-03","veiculo_publicacao":"DOM","pagina_inicio_publicacao":1,"pagina_fim_publicacao":1,"ementa":"DISP\u00d5E sobre a obrigatoriedade de os funcion\u00e1rios da rede de educa\u00e7\u00e3o p\u00fablica e privada, no \u00e2mbito do munic\u00edpio de Manaus, realizarem comunica\u00e7\u00e3o de maus-tratos sofridos por menores.","indexacao":"PL n. 440/2021\r\nAutoria: Ver. Rosivaldo Bual\r\nPublica\u00e7\u00e3o: DOM de 03.04.2023, edi\u00e7\u00e3o n. 5559, ano XXIV.\r\nPalavras-chave: Prote\u00e7\u00e3o a crian\u00e7a e adolescente, maus-tratos sofridos por menores, funcion\u00e1rios da rede de educa\u00e7\u00e3o p\u00fablica e privada, Conselho Tutelar, autoridade policial, Juizado da Inf\u00e2ncia e Adolesc\u00eancia, den\u00fancia","observacao":"","complemento":false,"data_vigencia":null,"timestamp":"2023-04-15T16:07:06.715439-04:00","data_ultima_atualizacao":"2023-04-15T16:07:06.726154-04:00","ip":"172.17.0.1","ultima_edicao":"2023-04-15T15:54:00.398871-04:00","tipo":2,"materia":9914,"orgao":null,"user":18,"assuntos":[287,19,714,751,752],"autores":[45]}