{"id":69,"__str__":"Lei Ordin\u00e1ria n\u00ba 2.294, de 03 de janeiro de 2018","metadata":{},"texto_integral":"http://sapl.cmm.am.gov.br/media/sapl/public/normajuridica/2018/69/lei_n_2294_de_03_jan_2018_.pdf","numero":"2294","ano":2018,"esfera_federacao":"M","data":"2018-01-03","data_publicacao":"2018-01-03","veiculo_publicacao":"DOM","pagina_inicio_publicacao":1,"pagina_fim_publicacao":81,"ementa":"DISP\u00d5E sobre o Plano Plurianual do Munic\u00edpio para o per\u00edodo de 2018 a 2021.","indexacao":"Projeto de Lei n. 299/2017, \r\nAutoria: Executivo Municipal\r\nPublica\u00e7\u00e3o: DOM de 03.01.2018, edi\u00e7\u00e3o n. 4276, ano XIX.\r\nPalavras-chave:  Plano Plurianual - PPA, PLANEJAMENTO GOVERNAMENTAL, eixos estrat\u00e9gicos da Administra\u00e7\u00e3o P\u00fablica Municipal e do Plano Plurianual, aten\u00e7\u00e3o \u00e0 sa\u00fade, educa\u00e7\u00e3o b\u00e1sica e profissional, desenvolvimento social, crescimento econ\u00f4mico, ambiental, infraestrutura e mobilidade, efici\u00eancia em gest\u00e3o, ESTRUTURA E ORGANIZA\u00c7\u00c3O DO PPA, orienta\u00e7\u00f5es estrat\u00e9gicas de Governo, per\u00edodo de vig\u00eancia do Plano, apresenta\u00e7\u00e3o do processo de formula\u00e7\u00e3o e revis\u00e3o do PPA 2018-2021; descri\u00e7\u00e3o do cen\u00e1rio econ\u00f4mico, social, ambiental e fiscal, descri\u00e7\u00e3o de riscos fiscais e capacidade de financiamento, Anexos demonstrativos, Programas de Governo; Estimativa da Despesa por Eixo Estrat\u00e9gico;  Estimativa da Despesa por Fonte de Recurso; Estimativa da Despesa por Grupo de Despesa;  Estimativa da Despesa por Programa;  Estimativa da Despesa por Fun\u00e7\u00e3o.","observacao":"Alterada pelas Leis:\r\nLei n. 2297 de 09.03.2018. Publicada no D.O.M. de 09.03.2018 \u2013 Edi\u00e7\u00e3o n. 4320, Ano XIX.\r\nLei n. 2387 de 02.01.2019. Publicada no D.O.M. de 02.01.2019 \u2013 Edi\u00e7\u00e3o n. 4508, Ano XX.\r\nLei n. 2575 de 30.12.2019. Publicada no D.O.M. de 30.12.2019 \u2013 Edi\u00e7\u00e3o n. 4749, Ano XX.\r\nLei n. 2724 de 30.12.2020. Publicada no D.O.M. de 30.12.2020 \u2013 Edi\u00e7\u00e3o n. 4997, Ano XXI.","complemento":false,"data_vigencia":null,"timestamp":"2023-03-28T16:30:37.942285-04:00","data_ultima_atualizacao":"2023-03-28T16:30:37.942496-04:00","ip":"172.17.0.1","ultima_edicao":"2023-03-28T16:30:37.937591-04:00","tipo":2,"materia":null,"orgao":null,"user":18,"assuntos":[56,146],"autores":[]}