{"id":6894,"__str__":"Resolu\u00e7\u00e3o n\u00ba 156, de 15 de fevereiro de 2023","metadata":{},"texto_integral":"http://sapl.cmm.am.gov.br/media/sapl/public/normajuridica/2023/6894/resolucao_n_156_de_15_fev_2023.pdf","numero":"156","ano":2023,"esfera_federacao":"M","data":"2023-02-15","data_publicacao":"2023-02-16","veiculo_publicacao":"e-DOLM","pagina_inicio_publicacao":1,"pagina_fim_publicacao":1,"ementa":"DISP\u00d5E sobre ponto facultativo, hor\u00e1rio especial de trabalho, antecipa\u00e7\u00e3o do d\u00e9cimo terceiro sal\u00e1rio e fixa crit\u00e9rios para recebimento de aux\u00edlio-funeral dos servidores do Poder Legislativo Municipal e d\u00e1 outras provid\u00eancias.","indexacao":"PR n. 002/2023 \r\nAutoria: Mesa Diretora da CMM\r\nPublica\u00e7\u00e3o: e-DOLM de 16.02.2023, edi\u00e7\u00e3o n. 1764, Ano X\r\nPalavras-chave: ponto facultativo, hor\u00e1rio especial de trabalho, antecipa\u00e7\u00e3o do d\u00e9cimo terceiro, aux\u00edlio-funeral dos servidores do Poder Legislativo Municipal, servidor p\u00fablico, comprova\u00e7\u00e3o da defici\u00eancia, servidores com defici\u00eancia, dependente com defici\u00eancia, processo de habilita\u00e7\u00e3o, aux\u00edlio continuado, data de anivers\u00e1rio, formatura em n\u00edvel superior, defesa de mestrado ou doutorado","observacao":"Revoga a Resolu\u00e7\u00e3o n. 50, de 27 de agosto de 2007\r\nVer al\u00ednea \u201ce\u201d do inciso III do art. 22 da Lei Promulgada n. 169, de 13 de dezembro de 2005, e \r\nLei Promulgada n. 450, de 4 de abril de 2018,","complemento":false,"data_vigencia":null,"timestamp":"2023-02-23T10:42:30.599982-04:00","data_ultima_atualizacao":"2023-02-23T10:42:30.624745-04:00","ip":"172.17.0.1","ultima_edicao":"2023-02-23T10:13:49.781174-04:00","tipo":6,"materia":49918,"orgao":null,"user":18,"assuntos":[3],"autores":[122]}