{"id":6826,"__str__":"Lei Ordin\u00e1ria n\u00ba 2.967, de 21 de outubro de 2022","metadata":{},"texto_integral":"http://sapl.cmm.am.gov.br/media/sapl/public/normajuridica/2022/6826/lei_n_2967_de_21_out_2022.pdf","numero":"2967","ano":2022,"esfera_federacao":"M","data":"2022-10-21","data_publicacao":"2022-10-21","veiculo_publicacao":"DOM","pagina_inicio_publicacao":1,"pagina_fim_publicacao":1,"ementa":"DISP\u00d5E sobre o prazo de validade de laudo m\u00e9dico-pericial que atesta Transtorno do Espectro do Autismo (TEA) e outras defici\u00eancias de car\u00e1ter permanente para os fins que especifica.","indexacao":"PL n. 387/2021 \r\nAutoria: Ver. Rodrigo Guedes\r\nPublica\u00e7\u00e3o: DOM de 21.10.2022, edi\u00e7\u00e3o n. 5451, ano XXIII\r\nPalavras-chave: laudo m\u00e9dico-pericial, Transtorno do Espectro do Autismo \u2013 TEA, defici\u00eancia de car\u00e1ter permanente, benef\u00edcios, pessoas com defici\u00eancia, profissional da rede de sa\u00fade p\u00fablica ou privada\r\nVer Lei Federal n. 13.726, de 8 de outubro de 2018","observacao":"Ver Lei Federal n. 13.726, de 8 de outubro de 2018","complemento":false,"data_vigencia":null,"timestamp":"2022-10-31T09:43:56.398915-04:00","data_ultima_atualizacao":"2022-10-31T09:43:56.399092-04:00","ip":"172.17.0.1","ultima_edicao":"2022-10-31T09:43:56.394746-04:00","tipo":2,"materia":8779,"orgao":null,"user":18,"assuntos":[8,878,59,65],"autores":[150]}