{"id":6804,"__str__":"Lei Ordin\u00e1ria n\u00ba 2.950, de 13 de setembro de 2022","metadata":{},"texto_integral":"http://sapl.cmm.am.gov.br/media/sapl/public/normajuridica/2022/6804/lei_n_2950_de_13_set_2022.pdf","numero":"2950","ano":2022,"esfera_federacao":"M","data":"2022-09-13","data_publicacao":"2022-09-13","veiculo_publicacao":"DOM","pagina_inicio_publicacao":1,"pagina_fim_publicacao":1,"ementa":"INSTITUI, no \u00e2mbito do munic\u00edpio de Manaus, o Dia Municipal de Conscientiza\u00e7\u00e3o e Prote\u00e7\u00e3o ao Ciclista e d\u00e1 outras provid\u00eancias.","indexacao":"PL n. 565/2021\r\nAutoria: Ver. Peixoto\r\nPublica\u00e7\u00e3o: DOM de 13.09.2022, edi\u00e7\u00e3o n. 5424, ano XXIII\r\nPalavras-chave: Calend\u00e1rio oficial, Dia Municipal de Conscientiza\u00e7\u00e3o e Prote\u00e7\u00e3o ao Ciclista, reflex\u00f5es e eventos sobre a mobilidade sustent\u00e1vel e seguran\u00e7a de ciclistas no tr\u00e2nsito, solu\u00e7\u00f5es inovadoras de gest\u00e3o p\u00fablica, atividade desportista, de lazer e recreativa, incentivar o uso da bicicleta como meio de transporte, estimular o uso da bicicleta, empreendedores privados, gestores p\u00fablicos, benef\u00edcios socioecon\u00f4micos da pr\u00e1tica do ciclismo, seguran\u00e7a no tr\u00e2nsito e direitos dos ciclistas, mobiliza\u00e7\u00e3o, amplia\u00e7\u00e3o da malha ciclovi\u00e1ria, bicicleta como modal integrado ao sistema de transporte urbano, sensibilizar a sociedade, empreendedores privados e os gestores p\u00fablicos, pr\u00e1tica do ciclismo, contribui\u00e7\u00e3o relevante \u00e0 sa\u00fade p\u00fablica, sustentabilidade socioambiental, movimentos de cicloativismo, conscientizar e proteger os ciclistas, ve\u00edculos oficiais de comunica\u00e7\u00e3o do Poder Executivo e do Poder Legislativo Municipal","observacao":"","complemento":false,"data_vigencia":null,"timestamp":"2022-10-12T20:31:25.085544-04:00","data_ultima_atualizacao":"2022-10-12T20:31:25.085716-04:00","ip":"172.17.0.1","ultima_edicao":"2022-10-12T20:31:25.081574-04:00","tipo":2,"materia":12294,"orgao":null,"user":18,"assuntos":[9,452],"autores":[135]}