{"id":6737,"__str__":"Lei Ordin\u00e1ria n\u00ba 2.906, de 15 de junho de 2022","metadata":{},"texto_integral":"http://sapl.cmm.am.gov.br/media/sapl/public/normajuridica/2022/6737/lei_n_2906_de_15_jun_2022.pdf","numero":"2906","ano":2022,"esfera_federacao":"M","data":"2022-06-15","data_publicacao":"2022-06-15","veiculo_publicacao":"DOM","pagina_inicio_publicacao":1,"pagina_fim_publicacao":1,"ementa":"DISP\u00d5E sobre a inclus\u00e3o, no Calend\u00e1rio Oficial da Cidade de Manaus, do m\u00eas Junho Verde.","indexacao":"PL n. 211/2022\r\nAutoria: Executivo Municipal\r\nPublica\u00e7\u00e3o: DOM de 15.06.2022, edi\u00e7\u00e3o n. 5365, ano XXIII\r\nPalavras-chave: Calend\u00e1rio Oficial, Junho Verde, sustentabilidade e conserva\u00e7\u00e3o do meio ambiente, Dia Nacional da Educa\u00e7\u00e3o Ambiental, Dia Mundial do Meio Ambiente e Dia da Ecologia, Dia dos Catadores de Materiais Recicl\u00e1veis, Dia do Combate \u00e0 Desertifica\u00e7\u00e3o e \u00e0 Seca, pol\u00edtica ambiental,  educa\u00e7\u00e3o ambiental, debates e discuss\u00f5es, entidades de classe, organiza\u00e7\u00f5es n\u00e3o governamentais, conselhos municipais e estaduais, plantio de \u00e1rvores, associa\u00e7\u00f5es de conserva\u00e7\u00e3o da natureza, entidades p\u00fablicas, entidades civis, organiza\u00e7\u00f5es profissionais e cient\u00edficas","observacao":"","complemento":false,"data_vigencia":null,"timestamp":"2022-10-12T22:11:27.399591-04:00","data_ultima_atualizacao":"2022-10-12T22:11:27.399821-04:00","ip":"172.17.0.1","ultima_edicao":"2022-10-12T22:11:27.394677-04:00","tipo":2,"materia":29041,"orgao":null,"user":18,"assuntos":[9,52],"autores":[]}