{"id":6665,"__str__":"Lei Ordin\u00e1ria n\u00ba 2.885, de 17 de maio de 2022","metadata":{},"texto_integral":"http://sapl.cmm.am.gov.br/media/sapl/public/normajuridica/2022/6665/lei_n_2885_de_17_mai_2022.pdf","numero":"2885","ano":2022,"esfera_federacao":"M","data":"2022-05-17","data_publicacao":"2022-05-17","veiculo_publicacao":"DOM","pagina_inicio_publicacao":3,"pagina_fim_publicacao":3,"ementa":"INSTITUI a Carteira de Identifica\u00e7\u00e3o do Autista (CIA), no \u00e2mbito do munic\u00edpio de Manaus, e d\u00e1 outras provid\u00eancias.","indexacao":"PL n. 154/2021\r\nAutoria: Ver. Rosivaldo Cordovil subscrito Vers. Amon ....\r\nPublica\u00e7\u00e3o: DOM de 17.05.2022, edi\u00e7\u00e3o n. 5344, ano XXIII\t\t\r\nPalavras-chave: portadores de necessidade especiais, Carteira de Identifica\u00e7\u00e3o do Autista (CIA), pessoa diagnosticada com o transtorno do espectro autista (TEA), direitos especiais, CID (Classifica\u00e7\u00e3o Internacional de Doen\u00e7as)","observacao":"","complemento":false,"data_vigencia":null,"timestamp":"2022-05-18T17:22:45.272744-04:00","data_ultima_atualizacao":"2022-05-18T17:22:45.282019-04:00","ip":"172.23.5.63","ultima_edicao":"2022-05-18T17:13:43.229111-04:00","tipo":2,"materia":5511,"orgao":null,"user":18,"assuntos":[879,878,59],"autores":[]}