{"id":6662,"__str__":"Lei Ordin\u00e1ria n\u00ba 2.882, de 16 de maio de 2022","metadata":{},"texto_integral":"http://sapl.cmm.am.gov.br/media/sapl/public/normajuridica/2022/6662/lei_n_2882_de_16_mai_2022_.pdf","numero":"2882","ano":2022,"esfera_federacao":"M","data":"2022-05-16","data_publicacao":"2022-05-16","veiculo_publicacao":"DOM","pagina_inicio_publicacao":1,"pagina_fim_publicacao":1,"ementa":"INSTITUI, no Calend\u00e1rio Oficial da cidade de Manaus, julho como o m\u00eas da \u201cMiss\u00e3o Calebe\u201d da Igreja Adventista do S\u00e9timo Dia.","indexacao":"PL n. 135/2021\r\nAutoria: Ver. Jaildo Oliveira\r\nPublica\u00e7\u00e3o: DOM de 16.05.2022, edi\u00e7\u00e3o n. 5343, ano XXIII\t\r\nPalavras-chave: Calend\u00e1rio oficial, Miss\u00e3o Calebe da Igreja Adventista do S\u00e9timo Dia","observacao":"","complemento":false,"data_vigencia":null,"timestamp":"2022-05-18T17:41:46.889837-04:00","data_ultima_atualizacao":"2022-05-18T17:41:46.890012-04:00","ip":"172.23.5.63","ultima_edicao":"2022-05-18T17:41:46.885739-04:00","tipo":2,"materia":5283,"orgao":null,"user":18,"assuntos":[9],"autores":[]}