{"id":6619,"__str__":"Lei Ordin\u00e1ria n\u00ba 2.863, de 18 de mar\u00e7o de 2022","metadata":{},"texto_integral":"http://sapl.cmm.am.gov.br/media/sapl/public/normajuridica/2022/6619/lei_n_2863_de_18_mar_2022.pdf","numero":"2863","ano":2022,"esfera_federacao":"M","data":"2022-03-18","data_publicacao":"2022-03-18","veiculo_publicacao":"DOM","pagina_inicio_publicacao":1,"pagina_fim_publicacao":2,"ementa":"DISP\u00d5E sobre a destina\u00e7\u00e3o de, no m\u00ednimo, cinco por cento das vagas previstas em editais de cultura lan\u00e7ados pelo Munic\u00edpio para contempla\u00e7\u00e3o de projetos art\u00edsticos idealizados por pessoas com defici\u00eancia ou que deles participem, e d\u00e1 outras provid\u00eancias.","indexacao":"PL de 529/2021\r\nAutoria: Ver. Ivo Neto\r\nPublica\u00e7\u00e3o: DOM de 18.03.2022, edi\u00e7\u00e3o n. 5306, ano XXIII\r\nPalavras-chave: vagas previstas em editais de cultura lan\u00e7ados pelo Munic\u00edpio, contempla\u00e7\u00e3o de projetos art\u00edsticos idealizados por pessoas com defici\u00eancia, transtorno do espectro autista (TEA)","observacao":"","complemento":false,"data_vigencia":null,"timestamp":"2022-03-22T10:33:56.905729-04:00","data_ultima_atualizacao":"2022-03-22T10:33:56.910773-04:00","ip":"172.23.5.63","ultima_edicao":"2022-03-22T10:19:21.733964-04:00","tipo":2,"materia":11630,"orgao":null,"user":18,"assuntos":[20,59],"autores":[]}