{"id":6560,"__str__":"Emenda \u00e0 Loman n\u00ba 26, de 28 de maio de 2002","metadata":{},"texto_integral":"http://sapl.cmm.am.gov.br/media/sapl/public/normajuridica/2002/6560/emenda_a_loman_n_026_de_28_mai_2002.pdf","numero":"26","ano":2002,"esfera_federacao":"M","data":"2002-05-28","data_publicacao":"2002-06-04","veiculo_publicacao":"DOM","pagina_inicio_publicacao":null,"pagina_fim_publicacao":null,"ementa":"ACRESCENTA o \u00a7 2.\u00ba ao Artigo 261 da LOMAN.","indexacao":"Loman,\r\n\u00c9 vedada qualquer identifica\u00e7\u00e3o organizada pelo Poder P\u00fablico ou por concession\u00e1rio, para efeito dos direitos assegurados neste artigo, que possa motivar preconceito contra o portador da referida identifica\u00e7\u00e3o,\r\nN. 524, \r\nANO III\tPEL \u2013 09/2001\r\nVer. Francisco Praciano\tACRESCENTA o \u00a7 2\u00ba ao Artigo 261 da LOMAN.","observacao":"","complemento":false,"data_vigencia":null,"timestamp":"2022-02-03T21:26:20.250899-04:00","data_ultima_atualizacao":"2022-02-03T21:26:20.258133-04:00","ip":"201.75.97.246","ultima_edicao":"2022-02-03T21:17:17.400542-04:00","tipo":5,"materia":null,"orgao":null,"user":18,"assuntos":[8,29,749],"autores":[]}