{"id":6505,"__str__":"Resolu\u00e7\u00e3o n\u00ba 132, de 18 de setembro de 2019","metadata":{},"texto_integral":"http://sapl.cmm.am.gov.br/media/sapl/public/normajuridica/2019/6505/resolucao_132_de_18_set_2019.pdf","numero":"132","ano":2019,"esfera_federacao":"M","data":"2019-09-18","data_publicacao":"2019-09-19","veiculo_publicacao":"e-DOLM","pagina_inicio_publicacao":1,"pagina_fim_publicacao":2,"ementa":"ALTERA dispositivos que espec\u00edfica da Resolu\u00e7\u00e3o n. 092, de 9 de dezembro de 2015 (Regimento Interno da C\u00e2mara Municipal de Manaus).","indexacao":"Regimento Interno\r\nCompet\u00eancia da Mesa Diretora.\r\nAssinar as atas das reuni\u00f5es ordin\u00e1rias e extraordin\u00e1rias bem como as leis promulgadas e as Emendas \u00e0 Loman.\r\nCompet\u00eancia do Presidente,\r\nNomear e dar posse aos cargos de dire\u00e7\u00e3o administrativa, autorizar a contrata\u00e7\u00e3o de pessoal, na forma da lei, e definir as modalidades de presta\u00e7\u00e3o de servi\u00e7os administrativo.\r\nAssinar os projetos de lei aprovados pela C\u00e2mara para serem encaminhados \u00e0 san\u00e7\u00e3o do Prefeito, nos termos do art. 228 deste Regimento Interno, as Resolu\u00e7\u00f5es e os Decretos Legislativos e, com os demais membros da Mesa Diretora, assinar as Leis Promulgadas e as Emendas \u00e0 Loman.\r\nParecer oferecido pela Comiss\u00e3o Tempor\u00e1ria n\u00e3o dispensar\u00e1 audi\u00eancia, com parecer, da Comiss\u00e3o de Constitui\u00e7\u00e3o, Justi\u00e7a e Reda\u00e7\u00e3o, que opinar\u00e1 sobre os aspectos constitucional, legal, jur\u00eddico e de t\u00e9cnica legislativa da proposi\u00e7\u00e3o.\r\nA propositura analisada pela Comiss\u00e3o Especial de Comendas ser\u00e1 submetida \u00e0 aprecia\u00e7\u00e3o da Comiss\u00e3o de Constitui\u00e7\u00e3o, Justi\u00e7a e Reda\u00e7\u00e3o apenas para elabora\u00e7\u00e3o da reda\u00e7\u00e3o final da mat\u00e9ria\r\ne-DOLM n. 1163, Ano VII\t\r\nP. Resolu\u00e7\u00e3o \u2013 011/2019 \r\nMesa Diretora da CMM","observacao":"","complemento":false,"data_vigencia":null,"timestamp":"2022-02-01T01:28:05.656997-04:00","data_ultima_atualizacao":"2022-02-01T01:28:05.657177-04:00","ip":"201.75.97.246","ultima_edicao":"2022-02-01T01:28:05.652933-04:00","tipo":6,"materia":null,"orgao":null,"user":18,"assuntos":[64],"autores":[]}