{"id":6492,"__str__":"Resolu\u00e7\u00e3o n\u00ba 119, de 24 de julho de 2018","metadata":{},"texto_integral":"http://sapl.cmm.am.gov.br/media/sapl/public/normajuridica/2018/6492/resolucao_n_119_de_24_jul_2018.pdf","numero":"119","ano":2018,"esfera_federacao":"M","data":"2018-07-24","data_publicacao":"2018-07-26","veiculo_publicacao":"e-DOLM","pagina_inicio_publicacao":1,"pagina_fim_publicacao":1,"ementa":"ACRESCENTA o \u00a7 4.\u00ba ao artigo 116 da Resolu\u00e7\u00e3o n. 092, de 9 de dezembro de 2015 (Regimento Interno).","indexacao":"Regimento Interno\r\nVereador\r\nRegistro de aus\u00eancia\r\nAs aus\u00eancias justificadas com base nos incisos III e IV do \u00a7 1.\u00ba deste artigo ser\u00e3o registradas, no relat\u00f3rio e no painel eletr\u00f4nico, como \u2018miss\u00e3o de\r\nrepresenta\u00e7\u00e3o da C\u00e2mara Municipal de Manaus\".\r\ne-DOLM n. 927, Ano VI\t\r\nP. Resolu\u00e7\u00e3o \u2013 002/2018\r\nVer. Mission\u00e1rio Andr\u00e9","observacao":"","complemento":false,"data_vigencia":null,"timestamp":"2022-01-31T23:47:12.883337-04:00","data_ultima_atualizacao":"2022-01-31T23:47:12.883537-04:00","ip":"201.75.97.246","ultima_edicao":"2022-01-31T23:47:12.879237-04:00","tipo":6,"materia":null,"orgao":null,"user":18,"assuntos":[64,358],"autores":[]}