{"id":4944,"__str__":"Lei Ordin\u00e1ria n\u00ba 1.599, de 21 de outubro de 2011","metadata":{},"texto_integral":"http://sapl.cmm.am.gov.br/media/sapl/public/normajuridica/2011/4944/lei_n_1599_de_21_out_2011.pdf","numero":"1599","ano":2011,"esfera_federacao":"M","data":"2011-10-21","data_publicacao":"2011-10-21","veiculo_publicacao":"DOM n. 2794, ano XII","pagina_inicio_publicacao":null,"pagina_fim_publicacao":null,"ementa":"EXTINGUE e cria cargos de Profissional de Sa\u00fade M\u00e9dico, integrantes da estrutura organizacional da Secretaria Municipal de Sa\u00fade \u2013 SEMSA, e d\u00e1 outras provid\u00eancias.","indexacao":"PL n. 124/2011   \r\nAutoria: Executivo Municipal\r\nPublica\u00e7\u00e3o: DOM de 21.10.2011, edi\u00e7\u00e3o n.  2.794, ano XII\r\nPalavras-chave: estrutura do executivo municipal, cria cargos de Profissional de Sa\u00fade M\u00e9dico, SEMSA, Fica extinto o cargo de Especialista em Sa\u00fade M\u00e9dico, carreira Profissional de Sa\u00fade, cria\u00e7\u00e3o de cargos, Especialista em Sa\u00fade \u2013 M\u00e9dico, Anestesiologista, Especialista em Sa\u00fade \u2013 M\u00e9dico, Cardiologista, Especialista em Sa\u00fade \u2013 M\u00e9dico Cirurgi\u00e3o, Especialista em Sa\u00fade \u2013 M\u00e9dico Cl\u00ednico , Geral, Especialista em Sa\u00fade \u2013 M\u00e9dico , Dermatologista, Especialista em Sa\u00fade \u2013 M\u00e9dico em Ger\u00eancia de Sistemas e Servi\u00e7os de Sa\u00fade. Especialista em Sa\u00fade \u2013 M\u00e9dico em Planejamento em Sa\u00fade, Especialista em Sa\u00fade \u2013 M\u00e9dico em Pol\u00edtica e Gest\u00e3o em Sa\u00fade. Especialista em Sa\u00fade \u2013 M\u00e9dico Endocrinologista, Especialista em Sa\u00fade \u2013 M\u00e9dico Epidemiologista, Especialista em Sa\u00fade \u2013 M\u00e9dico Gastroenterologista, Especialista em Sa\u00fade \u2013 M\u00e9dico Ginecologista, Especialista em Sa\u00fade \u2013 M\u00e9dico Ginecologista-Obstetra, Especialista em Sa\u00fade \u2013 M\u00e9dico, Hematologista, Especialista em Sa\u00fade \u2013 M\u00e9dico Infectologista, Especialista em Sa\u00fade \u2013 M\u00e9dico Mastologista, Especialista em Sa\u00fade \u2013 M\u00e9dico Nefrologista, Especialista em Sa\u00fade \u2013 M\u00e9dico Neonatologista, Especialista em Sa\u00fade \u2013 M\u00e9dico Neurologista, Especialista em Sa\u00fade \u2013 M\u00e9dico Oftalmologista, Especialista em Sa\u00fade \u2013 M\u00e9dico Ortopedista, Especialista em Sa\u00fade \u2013 M\u00e9dico Otorrinolaringologista. Especialista em Sa\u00fade \u2013 M\u00e9dico Pediatra, Especialista em Sa\u00fade \u2013 M\u00e9dico Pneumologista. Especialista em Sa\u00fade \u2013 M\u00e9dico \r\nPsiquiatra, Especialista em Sa\u00fade \u2013 M\u00e9dico Radiologista, Especialista em Sa\u00fade \u2013 M\u00e9dico, Reumatologista, Especialista em Sa\u00fade \u2013 M\u00e9dico Ultrassonografista, Especialista em Sa\u00fade \u2013 M\u00e9dico Urgencista, Especialista em Sa\u00fade \u2013 M\u00e9dico Urologista, Especialista em Sa\u00fade \u2013 M\u00e9dico Vascular","observacao":"Alterada pela Lei n. 1663, de 24.04.2012. Publicada no DOM n. 2916, de 25.04.2012.","complemento":false,"data_vigencia":null,"timestamp":"2023-12-28T14:19:23.254753-04:00","data_ultima_atualizacao":"2023-12-28T14:19:23.254929-04:00","ip":"172.17.0.1","ultima_edicao":"2023-12-28T14:19:23.251660-04:00","tipo":2,"materia":null,"orgao":null,"user":19,"assuntos":[39,666,305],"autores":[]}