{"id":46,"__str__":"Lei Ordin\u00e1ria n\u00ba 2.401, de 16 de janeiro de 2019","metadata":{},"texto_integral":"http://sapl.cmm.am.gov.br/media/sapl/public/normajuridica/2019/46/lei_n_2401_de_16_jan_2019.pdf","numero":"2401","ano":2019,"esfera_federacao":"M","data":"2019-01-16","data_publicacao":"2019-01-16","veiculo_publicacao":"DOM","pagina_inicio_publicacao":2,"pagina_fim_publicacao":2,"ementa":"ALTERA a Lei n. 1.837, de 16 de janeiro de 2014, que disp\u00f5e sobre \u00c1reas de Especial Interesse Social previstas no Plano Diretor Urbano e Ambiental do Munic\u00edpio de Manaus, e d\u00e1 outras provid\u00eancias.","indexacao":"PL n. 388/2018\r\nAutoria: Executivo Municipal\r\nPublica\u00e7\u00e3o: DOM de 16.01.2019, edi\u00e7\u00e3o n. 4518, ano XX.\r\nPalavras-chave: \u00c1reas de Especial Interesse Social, Plano Diretor Urbano e Ambiental, Meio Ambiente, afastamentos m\u00ednimos da edifica\u00e7\u00e3o, \u00c1rea de Especial Interesse Social Feira do Mutir\u00e3o - AEIS Feira do Mutir\u00e3o, \u00c1rea de Especial Interesse Social Residencial Francisco Garcia Rodrigues - AEIS Francisco Garcia Rodrigues, \u00c1rea de Especial Interesse Social Residencial Novo Israel \u2013 AEIS Residencial Novo Israel, LVIII \u2013 \u00c1rea de Especial Interesse Social Cidad\u00e3o XIII \u2013 AEIS Cidad\u00e3o XIII, \u00c1rea de Especial Interesse Social Bom Jardim \u2013 AEIS Bom Jardim, \u00c1rea de Especial Interesse Social Agnus Dei \u2013 AEIS Agnus Dei, \u00c1rea de Especial Interesse Social Viver Melhor II \u2013 AEIS Viver Melhor II, \u00c1rea de Especial Interesse Social Viver Melhor III \u2013 Col\u00f4nia Terra Nova \u2013 AEIS Viver Melhor III \u2013 Col\u00f4nia Terra Nova, \u00c1rea de Especial Interesse Social Viver Melhor III \u2013 Monte das Oliveiras \u2013 AEIS Viver Melhor III \u2013 Monte das Oliveiras, \u00c1rea de Especial Interesse Social Gilberto Mestrinho \u2013 AEIS Gilberto Mestrinho, \u00c1rea de Especial Interesse Social Campos Sales \u2013 AEIS Campos Sales, \u00c1rea de Especial Interesse Social Boa Vista \u2013 Puraquequara \u2013 AEIS Boa Vista \u2013 Puraquequara, \u00c1rea de Especial Interesse Social Parque Eduardo Gomes \u2013 AEIS Parque Eduardo Gomes, \u00c1rea de Especial Interesse Social Avenida Brasil \u2013 AEIS Avenida Brasil, \u00c1rea de Especial Interesse Social Arquiteto Z\u00e9 Henriques \u2013 AEIS Arquiteto Z\u00e9 Henriques, \u00c1rea de Especial Interesse Social Acasota I \u2013 Deus \u00e9 Fiel \u2013 AEIS Acasota I \u2013 Deus \u00e9 Fiel, \u00c1rea de Especial Interesse Social Condom\u00ednio Flex Tapaj\u00f3s \u2013 AEIS Condom\u00ednio Flex Tapaj\u00f3s, \u00c1rea de Especial Interesse Social Portal das Rosas \u2013 AEIS Portal das Rosas, \u00c1rea de Especial Interesse Social Alegro Residencial Club \u2013 Condom\u00ednio 2 \u2013 AEIS Alegro Residencial Club \u2013 Condom\u00ednio 2, \u00c1rea de Especial Interesse Social Residencial PAR Campos Sales \u2013 AEIS Residencial PAR Campos Sales, \u00c1rea de Especial Interesse Social Cidad\u00e3o X \u2013 AEIS Cidad\u00e3o X, \u00c1rea de Especial Interesse Social Smart Vista do Sol \u2013 AEIS Smart Vista do Sol, \u00c1rea de Especial Interesse Social Reserva da Cidade \u2013 AEIS Reserva da Cidade, \u00c1rea de Especial Interesse Social Conquista do Tarum\u00e3 \u2013 AEIS, Conquista do Tarum\u00e3, \u00c1rea de Especial Interesse Social Popular Petr\u00f3polis \u2013 AEIS, Popular Petr\u00f3polis.","observacao":"","complemento":false,"data_vigencia":null,"timestamp":"2023-03-20T20:14:50.386015-04:00","data_ultima_atualizacao":"2023-03-20T20:14:50.386199-04:00","ip":"172.17.0.1","ultima_edicao":"2023-03-20T20:14:50.381730-04:00","tipo":2,"materia":null,"orgao":null,"user":18,"assuntos":[52,58,168],"autores":[]}