{"id":4149,"__str__":"Lei Ordin\u00e1ria n\u00ba 752, de 07 de janeiro de 2004","metadata":{},"texto_integral":"http://sapl.cmm.am.gov.br/media/sapl/public/normajuridica/2004/4149/lei_n_752_de_07_jan_2004_republicada_diario.pdf","numero":"752","ano":2004,"esfera_federacao":"M","data":"2004-01-07","data_publicacao":"2004-01-09","veiculo_publicacao":"DOM n. 915 ano V","pagina_inicio_publicacao":null,"pagina_fim_publicacao":null,"ementa":"ALTERA as leis n. 671/2002, que \u201cRegulamenta o Plano Diretor Urbano e Ambiental, estabelece diretrizes para o desenvolvimento da cidade de Manaus e d\u00e1 outras provid\u00eancias e 672/2002, que \u201cInstitui as normas de uso e ocupa\u00e7\u00e3o do solo no munic\u00edpio de Manaus, Estado do Amazonas e d\u00e1 outras provid\u00eancias.","indexacao":"PL N. 156/2003 \r\nAutoria: Com. Esp. V. Plano Diretor\r\nPublica\u00e7\u00e3o: DOM de 09.01.2004, edi\u00e7\u00e3o n. 915, ano V\r\nPalavras chave: Plano Diretor, Uso e Ocupa\u00e7\u00e3o do Solo, Paisagismo urbano, Arboriza\u00e7\u00e3o de Manaus, Reserva ecol\u00f3gica Sauim Castanheira, Comiss\u00e3o T\u00e9cnica de Planejamento, Controle Urbano, Fundo de desenvolvimento, Edifica\u00e7\u00f5es horizontais, Embasamento de edifica\u00e7\u00f5es verticais. \r\nVer Lei; n. 671, de 04.11.2002. Publicado no DOM, de 05.11.2002, edi\u00e7\u00e3o n. 628, ano III.   \r\n n. 672, de 04.11.2002. Publicado no DOM, de 05.11.2002, edi\u00e7\u00e3o n. 628, ano III.  \r\n(*) Republicada por haver sa\u00eddo com incorre\u00e7\u00f5es no D.O.M, de 09.01.2004. edi\u00e7\u00e3o n. 915. ano V.\r\nRevogada pela Lei n. 1.838, de 16.01.2014. Publicada no DOM de 16.01.2014, edi\u00e7\u00e3o n. 3.332, ano XV.","observacao":"Lei REVOGADA\r\nEsta Lei \u00e9 uma REPUBLICA\u00c7\u00c3O da Lei n. 752, de 07.01.2004, publicada com incorre\u00e7\u00f5es no D.O.M. de 09.01.2004 \u2013 N. 915, ano V.","complemento":false,"data_vigencia":"2014-01-16","timestamp":"2023-09-18T14:11:36.801590-04:00","data_ultima_atualizacao":"2023-09-18T14:11:36.801778-04:00","ip":"172.17.0.1","ultima_edicao":"2023-09-18T14:11:36.797337-04:00","tipo":2,"materia":null,"orgao":null,"user":94,"assuntos":[58,115],"autores":[]}