{"id":324,"__str__":"Lei Ordin\u00e1ria n\u00ba 2.532, de 05 de novembro de 2019","metadata":{},"texto_integral":"http://sapl.cmm.am.gov.br/media/sapl/public/normajuridica/2019/324/lei_n_2532_de_05_nov_2019_.pdf","numero":"2532","ano":2019,"esfera_federacao":"M","data":"2019-11-05","data_publicacao":"2019-11-05","veiculo_publicacao":"DOM","pagina_inicio_publicacao":1,"pagina_fim_publicacao":2,"ementa":"INSTITUI o Programa de Recupera\u00e7\u00e3o Fiscal do Munic\u00edpio de Manaus (Refis Municipal) para pagamento dos cr\u00e9ditos tribut\u00e1rios em atraso de pessoas f\u00edsicas e jur\u00eddicas, na forma que especifica, e d\u00e1 outras provid\u00eancias.","indexacao":"PL n. 352/2019\r\nAutoria: Executivo Municipal\r\nPublica\u00e7\u00e3o: DOM de 05/11/2019, edi\u00e7\u00e3o n. 4714, ano XX\r\nPalavras-chave: Programa de Recupera\u00e7\u00e3o Fiscal do Munic\u00edpio de Manaus (Refis Municipal), Cr\u00e9ditos tribut\u00e1rios em atraso, Tributo, desconto da multa e juros de mora, da multa por infra\u00e7\u00e3o, honor\u00e1rios advocat\u00edcios, d\u00e9bitos inscritos ou n\u00e3o em d\u00edvida ativa, ajuizados, parcelamento ou reparcelamento, multas tribut\u00e1rias por descumprimento de dever acess\u00f3rio, Imposto Predial e Territorial Urbano (IPTU), fato gerador, cr\u00e9dito tribut\u00e1rio, infra\u00e7\u00e3o, atraso no pagamento das parcelas, parcelamento de d\u00e9bito relativo ao Imposto sobre Servi\u00e7os Retido na Fonte, Auto de Infra\u00e7\u00e3o e Intima\u00e7\u00e3o, cr\u00e9dito tribut\u00e1rio, Termo de Confiss\u00e3o de D\u00edvida e de Desist\u00eancia Irrevog\u00e1vel de Impugna\u00e7\u00e3o, confiss\u00e3o de d\u00edvida, esp\u00e9cie tribut\u00e1ria, matr\u00edcula fiscal de im\u00f3vel, contribuintes inscritos no Cadastro Imobili\u00e1rio e Mobili\u00e1rio Municipal, Secretaria Municipal de Finan\u00e7as e Tecnologia da Informa\u00e7\u00e3o (Semef), portal de servi\u00e7os da Prefeitura, emiss\u00e3o individualizada de Documento de Arrecada\u00e7\u00e3o Municipal (DAM), restitui\u00e7\u00e3o ou compensa\u00e7\u00e3o de import\u00e2ncias pagas\r\nVer Lei n. 2.676, de 14 de setembro de 2020. Publicada no DOM, de 14.09.2020 \u2013 n. 4925, Ano XXI\r\nVer Lei n. 2.352, de 9 de outubro de 2018","observacao":"Ver Lei n. 2.676, de 14 de setembro de 2020. Publicada no DOM, de 14.09.2020 \u2013 n. 4925, Ano XXI\r\nVer Lei n. 2.352, de 9 de outubro de 2018","complemento":false,"data_vigencia":null,"timestamp":"2022-10-23T00:48:14.774386-04:00","data_ultima_atualizacao":"2022-10-23T00:48:14.774560-04:00","ip":"172.17.0.1","ultima_edicao":"2022-10-23T00:48:14.771296-04:00","tipo":2,"materia":3505,"orgao":null,"user":18,"assuntos":[493,487,628,76],"autores":[]}