{"id":3111,"__str__":"Lei Ordin\u00e1ria n\u00ba 2.811, de 23 de novembro de 2021","metadata":{},"texto_integral":"http://sapl.cmm.am.gov.br/media/sapl/public/normajuridica/2021/3111/lei_n_2811_de_23_nov_2021.pdf","numero":"2811","ano":2021,"esfera_federacao":"M","data":"2021-11-23","data_publicacao":"2021-11-23","veiculo_publicacao":"DOM","pagina_inicio_publicacao":1,"pagina_fim_publicacao":2,"ementa":"INSTITUI a Corregedoria-Geral e a Ouvidoria da Guarda Municipal de Manaus e d\u00e1 outras provid\u00eancias.","indexacao":"PL n. 625/2021\r\nAutoria: Executivo Municipal\r\nPublica\u00e7\u00e3o: DOM de 23/11/2021, edi\u00e7\u00e3o n. 5228, ano XXII\r\nPalavras-chave: Ouvidoria da Guarda Municipal de Manaus, Corregedoria-Geral, Estrutura do Executivo Municipal, servidor p\u00fablico, atos disciplinares,  inspe\u00e7\u00e3o, corre\u00e7\u00e3o, sindic\u00e2ncia e apura\u00e7\u00e3o das infra\u00e7\u00f5es administrativas disciplinares, classe mais elevada na carreira, bacharel em Direito, reputa\u00e7\u00e3o ilibada,  quadro de servidores efetivos da Prefeitura Municipal de Manaus, certid\u00e3o negativa, antecedentes criminais, mandato, Corregedor-Geral,  Corregedor Adjunto, Chefe do Executivo Municipal, perda do mandato de corregedor, condena\u00e7\u00e3o judicial, improbidade administrativa, senten\u00e7a transitada em julgado, condena\u00e7\u00e3o por ato de improbidade administrativa em processo administrativo disciplinar, assegurada a ampla defesa e o contradit\u00f3rio, ren\u00fancia, prontu\u00e1rio individual, vida funcional,  autonomia administrativa e funcional,  preserva\u00e7\u00e3o dos princ\u00edpios de legalidade, moralidade, impessoalidade, imparcialidade, razoabilidade, finalidade, publicidade e efici\u00eancia dos atos praticados pelos servidores da Guarda Municipal, atos considerados ilegais, arbitr\u00e1rios, interesse p\u00fablico, dilig\u00eancias nas unidades da Administra\u00e7\u00e3o, sigilo, den\u00fancias e reclama\u00e7\u00f5es, servi\u00e7o telef\u00f4nico gratuito, prote\u00e7\u00e3o aos denunciantes,  elaborar e publicar, anualmente, relat\u00f3rio de suas atividades, instaura\u00e7\u00e3o de sindic\u00e2ncias, inqu\u00e9ritos, medidas destinadas \u00e0 apura\u00e7\u00e3o de responsabilidade administrativa, civil e criminal, Pol\u00edcia Civil, Minist\u00e9rio P\u00fablico, Poder Judici\u00e1rio, ind\u00edcios ou suspeita de crime, viola\u00e7\u00e3o do patrim\u00f4nio p\u00fablico, monitorar o andamento de procedimentos administrativos, autonomia e independ\u00eancia funcional, acompanhar o desenvolvimento dos processos de apura\u00e7\u00e3o das den\u00fancias, corregedor-geral DAS-4, corregedor adjunto DAS-3, ouvidor DAS-4, ouvidor adjunto DAS-3","observacao":"","complemento":false,"data_vigencia":null,"timestamp":"2022-10-08T22:51:41.747823-04:00","data_ultima_atualizacao":"2022-10-08T22:51:41.748017-04:00","ip":"172.17.0.1","ultima_edicao":"2022-10-08T22:51:41.743531-04:00","tipo":2,"materia":13076,"orgao":null,"user":18,"assuntos":[657,39,656,3],"autores":[]}