{"id":2789,"__str__":"Lei Ordin\u00e1ria n\u00ba 1.349, de 07 de julho de 2009","metadata":{},"texto_integral":"http://sapl.cmm.am.gov.br/media/sapl/public/normajuridica/2009/2789/lei_n_1349_de_07_jul_2009_.pdf","numero":"1349","ano":2009,"esfera_federacao":"M","data":"2009-07-07","data_publicacao":"2009-07-07","veiculo_publicacao":"DOM","pagina_inicio_publicacao":3,"pagina_fim_publicacao":3,"ementa":"ALTERA o disposto no art. 36 da Lei n. 1.242, de 08.05.2008, cria fun\u00e7\u00f5es de conselheiros tutelares do munic\u00edpio de Manaus, fixa a remunera\u00e7\u00e3o, e d\u00e1 outras provid\u00eancias.","indexacao":"PL n. 209/2009      \r\nExecutivo Municipal\r\nDOM de 07.07.2009, edi\u00e7\u00e3o n. 2.240, ano X\r\ncrian\u00e7a e adolescente, Conselho Tutelar, escala de atendimento plant\u00e3o, sobreaviso, Secretaria Municipal de Assist\u00eancia Social e Direitos Humanos, conselheiros tutelares, escala de atendimento, elei\u00e7\u00e3o por voto, exerc\u00edcio da fun\u00e7\u00e3o, presun\u00e7\u00e3o de idoneidade moral, sem restri\u00e7\u00f5es a g\u00eanero, religi\u00e3o, ra\u00e7a ou partido pol\u00edtico, exerc\u00edcio da fun\u00e7\u00e3o, reajustado, \u00edndices de corre\u00e7\u00e3o, funcion\u00e1rios p\u00fablicos municipais, revis\u00e3o geral dos planos de cargos e sal\u00e1rios, exerc\u00edcio da fun\u00e7\u00e3o de conselheiro tutelar eleito, t\u00edtulo de subs\u00eddio mensal, v\u00ednculo empregat\u00edcio, agentes p\u00fablicos com mandato eletivo, horas extras, subs\u00eddio mensal,  \u00edndices de corre\u00e7\u00e3o, direitos a indeniza\u00e7\u00e3o, efetiva\u00e7\u00e3o ou estabilidade,  subs\u00eddio mensal, salvo abono natalino, abono pecuni\u00e1rio, ter\u00e7o de f\u00e9rias, aux\u00edlio-alimenta\u00e7\u00e3o, plant\u00e3o presencial, sobreaviso, contribuintes do Regime Geral da Previd\u00eancia Social \u2013 RGPS, agentes p\u00fablicos com mandatos eletivos, direitos \u00e0 indeniza\u00e7\u00e3o, Coordenador Geral dos Conselhos Tutelares","observacao":"Revoga a Lei 359, de 20.09.1996. Publicada no DOM de 08.10.1996 \u2013 Edi\u00e7\u00e3o n. 28.538, Ano CII\r\nAlterada pelas Leis: \r\nLei n. 1394, de 04.12.2009. Publicada no DOM de 04.12.2009 \u2013 Edi\u00e7\u00e3o n. 2342, Ano X\r\nLei n. 1479, de 08.07.2010. Publicada no DOM de 08.07.2010 \u2013 Edi\u00e7\u00e3o n. 2480, Ano XI \r\nLei n. 1528, de 03.11.2010. Publicada no DOM de 03.11.2010 \u2013 Edi\u00e7\u00e3o n. 2557, Ano XI \r\nRevogada parcialmente pela Lei n. 2939, de 11.08.2022. Publicada no DOM de 11.08.2022 \u2013 Edi\u00e7\u00e3o n. 5404, Ano XXIII. \r\nVer Lei n. 1636, de 12.01.2012. Publicada no DOM de 13.01.2012 \u2013 Edi\u00e7\u00e3o n. 2848, Ano XIII. \r\nVer Lei n. 1.349, de 7 de julho de 2009 \r\nVer Lei n. 2.859, de 14 de mar\u00e7o de 2022 \r\nVer Lei Federal n. 8.069, de 13 de julho de 1990.\r\nObserva\u00e7\u00e3o: No texto da ementa e do art. 1.\u00ba da Lei n. 1636, de 12.01.2012, onde se l\u00ea \u201cLei n\u00ba 1.394\u201d, leia-se Lei n\u00ba 1.349.","complemento":false,"data_vigencia":null,"timestamp":"2026-04-01T15:43:24.549754-04:00","data_ultima_atualizacao":"2026-04-01T15:43:24.551064-04:00","ip":"172.23.3.98","ultima_edicao":"2026-04-01T13:49:03.264768-04:00","tipo":2,"materia":null,"orgao":null,"user":18,"assuntos":[287,341,19],"autores":[]}