{"id":2706,"__str__":"Lei Ordin\u00e1ria (Promulgada) n\u00ba 491, de 13 de setembro de 2021","metadata":{},"texto_integral":"http://sapl.cmm.am.gov.br/media/sapl/public/normajuridica/2021/2706/lei_n_491_de_13_set_2021.pdf","numero":"491","ano":2021,"esfera_federacao":"M","data":"2021-09-13","data_publicacao":"2021-09-14","veiculo_publicacao":"e-DOLM","pagina_inicio_publicacao":1,"pagina_fim_publicacao":1,"ementa":"DISP\u00d5E sobre a denomina\u00e7\u00e3o da pra\u00e7a localizada na Avenida Japur\u00e1, esquina com Rua Afonso Pena, no bairro Pra\u00e7a 14 de Janeiro, como Pra\u00e7a Nestor Jos\u00e9 Soeiro do Nascimento.","indexacao":"PL n. 423/2021\r\nAutoria: Ver. Davi Reis\t\r\nPublica\u00e7\u00e3o: e-DOLM de 14.09.2021, edi\u00e7\u00e3o n. 1520, ano IX\t\t\r\nPalavras-chave: denomina\u00e7\u00e3o da pra\u00e7a localizada na Avenida Japur\u00e1, Rua Afonso Pena, bairro Pra\u00e7a 14 de Janeiro, Pra\u00e7a Nestor Jos\u00e9 Soeiro do Nascimento, Logradouro, Pra\u00e7a","observacao":"","complemento":false,"data_vigencia":null,"timestamp":"2023-03-13T11:47:04.415227-04:00","data_ultima_atualizacao":"2023-03-13T11:47:04.415412-04:00","ip":"172.17.0.1","ultima_edicao":"2023-03-13T11:47:04.411163-04:00","tipo":10,"materia":9459,"orgao":null,"user":18,"assuntos":[51,248],"autores":[]}