{"id":2425,"__str__":"Resolu\u00e7\u00e3o n\u00ba 142, de 03 de maio de 2021","metadata":{},"texto_integral":"http://sapl.cmm.am.gov.br/media/sapl/public/normajuridica/2021/2425/resolucao_n_142_de_03_mai_2021_.pdf","numero":"142","ano":2021,"esfera_federacao":"M","data":"2021-05-03","data_publicacao":"2021-05-06","veiculo_publicacao":"e-DOLM","pagina_inicio_publicacao":1,"pagina_fim_publicacao":2,"ementa":"DISP\u00d5E sobre a cria\u00e7\u00e3o, no \u00e2mbito da C\u00e2mara Municipal de Manaus, da Frente Parlamentar Mista de Enfrentamento e Defesa dos Direitos da Pessoa com IST/HIV/AIDS e Tuberculose e d\u00e1 outras provid\u00eancias.","indexacao":"DISP\u00d5E sobre a cria\u00e7\u00e3o, no \u00e2mbito da C\u00e2mara Municipal de Manaus, da Frente Parlamentar Mista de Enfrentamento e Defesa dos Direitos da Pessoa com IST/HIV/AIDS e Tuberculose e d\u00e1 outras provid\u00eancias.\r\ne-DOLM N. 1447\r\nAno VIII\t\r\nP. Resolu\u00e7\u00e3o \u2013 004/2021\r\nVer.\u00aa Prof.\u00aa Jacqueline","observacao":"","complemento":false,"data_vigencia":null,"timestamp":"2021-08-04T11:53:38.987318-04:00","data_ultima_atualizacao":"2021-08-04T11:53:38.987501-04:00","ip":"172.23.4.227","ultima_edicao":"2021-08-04T11:53:38.982958-04:00","tipo":6,"materia":3765,"orgao":null,"user":18,"assuntos":[443,447,59,449,448],"autores":[]}