{"id":2424,"__str__":"Resolu\u00e7\u00e3o n\u00ba 141, de 31 de mar\u00e7o de 2021","metadata":{},"texto_integral":"http://sapl.cmm.am.gov.br/media/sapl/public/normajuridica/2021/2424/resolucao_n_141_de_05_abr_2021_.pdf","numero":"141","ano":2021,"esfera_federacao":"M","data":"2021-03-31","data_publicacao":"2021-03-31","veiculo_publicacao":"e-DOLM","pagina_inicio_publicacao":1,"pagina_fim_publicacao":1,"ementa":"CRIA a Comiss\u00e3o de Defesa dos Direitos da Pessoa com Defici\u00eancia no \u00e2mbito da C\u00e2mara Municipal de Manaus, alterando a Resolu\u00e7\u00e3o 092, de 09 de dezembro de 2015 \u2013 Regimento Interno da CMM, Art. 35 das Comiss\u00f5es T\u00e9cnicas Permanentes.","indexacao":"CRIA a Comiss\u00e3o de Defesa dos Direitos da Pessoa com Defici\u00eancia no \u00e2mbito da C\u00e2mara Municipal de Manaus, alterando a Resolu\u00e7\u00e3o 092, de 09 de dezembro de 2015 \u2013 Regimento Interno da CMM, Art. 35 das Comiss\u00f5es T\u00e9cnicas Permanentes.\r\npesquisas \r\nestudos cient\u00edficos\r\nc\u00e9lulas-tronco\r\ntutela da pessoa com defici\u00eancia\r\ne-DOLM N. 1429\r\nAno VIII\t\r\nP. Resolu\u00e7\u00e3o \u2013 007/2021 \r\nVer. Rodrigue Guedes","observacao":"","complemento":false,"data_vigencia":null,"timestamp":"2021-08-04T12:12:10.456844-04:00","data_ultima_atualizacao":"2021-08-04T12:12:10.457023-04:00","ip":"172.23.4.227","ultima_edicao":"2021-08-04T12:12:10.452740-04:00","tipo":6,"materia":3881,"orgao":null,"user":18,"assuntos":[444,59],"autores":[]}