{"id":2409,"__str__":"Lei Ordin\u00e1ria n\u00ba 2.163, de 30 de agosto de 2016","metadata":{},"texto_integral":"http://sapl.cmm.am.gov.br/media/sapl/public/normajuridica/2016/2409/lei_n_2163_de_30_ago_2016.pdf","numero":"2163","ano":2016,"esfera_federacao":"M","data":"2016-08-30","data_publicacao":"2016-08-30","veiculo_publicacao":"DOM","pagina_inicio_publicacao":null,"pagina_fim_publicacao":null,"ementa":"DISP\u00d5E sobre a comemora\u00e7\u00e3o do Dia do Jornalista na cidade de Manaus.","indexacao":"PL n. 343/2015\r\nAutoria: Ver. M\u00e1rio Frota\r\nPublica\u00e7\u00e3o: DOM de 30/08/2016, edi\u00e7\u00e3o n. 3961, Ano XVII\r\nPalavras-chave: Calend\u00e1rio Oficial da Cidade de Manaus, Dia do Jornalista, 7 de abril","observacao":"","complemento":false,"data_vigencia":null,"timestamp":"2023-07-01T23:56:33.628894-04:00","data_ultima_atualizacao":"2023-07-01T23:56:33.629091-04:00","ip":"172.17.0.1","ultima_edicao":"2023-07-01T23:56:33.624700-04:00","tipo":2,"materia":19371,"orgao":null,"user":18,"assuntos":[9,293],"autores":[]}