{"id":2407,"__str__":"Lei Ordin\u00e1ria n\u00ba 2.162, de 30 de agosto de 2016","metadata":{},"texto_integral":"http://sapl.cmm.am.gov.br/media/sapl/public/normajuridica/2016/2407/lei_n_2162_de_30_ago_2016.pdf","numero":"2162","ano":2016,"esfera_federacao":"M","data":"2016-08-30","data_publicacao":"2016-08-30","veiculo_publicacao":"DOM","pagina_inicio_publicacao":null,"pagina_fim_publicacao":null,"ementa":"INSTITUI a Semana Municipal da Cultura Cearense em Manaus, a ser comemorada na terceira semana do m\u00eas de janeiro, e d\u00e1 outras provid\u00eancias.","indexacao":"PL n. 367/2015\r\nAutoria: Ver. J\u00fanior Ribeiro\r\nPublica\u00e7\u00e3o: DOM de 30/08/2016, edi\u00e7\u00e3o n. 3961, Ano XVII\r\nPalavras-chave: Semana Municipal da Cultura Cearense, Calend\u00e1rio Oficial da Cidade de Manaus, tradi\u00e7\u00e3o, arte humor\u00edstica, festejos t\u00edpicos, ritmos musicai","observacao":"","complemento":false,"data_vigencia":null,"timestamp":"2023-07-02T00:03:14.001883-04:00","data_ultima_atualizacao":"2023-07-02T00:03:14.002071-04:00","ip":"172.17.0.1","ultima_edicao":"2023-07-02T00:03:13.997828-04:00","tipo":2,"materia":19418,"orgao":null,"user":18,"assuntos":[9,20,296],"autores":[]}