{"id":2270,"__str__":"Lei Ordin\u00e1ria n\u00ba 2.309, de 11 de abril de 2018","metadata":{},"texto_integral":"http://sapl.cmm.am.gov.br/media/sapl/public/normajuridica/2018/2270/lei_n_2309_de_11_abr_2018.pdf","numero":"2309","ano":2018,"esfera_federacao":"M","data":"2018-04-11","data_publicacao":"2018-04-11","veiculo_publicacao":"DOM","pagina_inicio_publicacao":null,"pagina_fim_publicacao":null,"ementa":"INSTITUI a Semana da Conscientiza\u00e7\u00e3o da Depress\u00e3o Infantil e na Adolesc\u00eancia no \u00e2mbito do munic\u00edpio de Manaus, e d\u00e1 outras provid\u00eancias.","indexacao":"PL n. 240/2017\r\nAutoria: Ver. Reizo Castelo Branco\r\nPublica\u00e7\u00e3o: DOM de 11.04.2018, edi\u00e7\u00e3o n. 4341, Ano XIX\r\nPalavras-chave: Semana da Conscientiza\u00e7\u00e3o da Depress\u00e3o Infantil e na Adolesc\u00eancia, Calend\u00e1rio Oficial,","observacao":"","complemento":false,"data_vigencia":null,"timestamp":"2023-03-27T13:42:45.022738-04:00","data_ultima_atualizacao":"2023-03-27T13:42:45.022915-04:00","ip":"172.17.0.1","ultima_edicao":"2023-03-27T13:42:45.018755-04:00","tipo":2,"materia":9403,"orgao":null,"user":18,"assuntos":[287,9,16,19],"autores":[]}