{"id":227,"__str__":"Lei Ordin\u00e1ria n\u00ba 2.480, de 11 de julho de 2019","metadata":{},"texto_integral":"http://sapl.cmm.am.gov.br/media/sapl/public/normajuridica/2019/227/lei_n_2480_de_11_jul_2019_.pdf","numero":"2480","ano":2019,"esfera_federacao":"M","data":"2019-07-11","data_publicacao":"2019-07-11","veiculo_publicacao":"DOM","pagina_inicio_publicacao":13,"pagina_fim_publicacao":16,"ementa":"DISP\u00d5E sobre o cargo de Especialista em Sa\u00fade \u2013 M\u00e9dico, da Secretaria Municipal de Sa\u00fade (Semsa), e d\u00e1 outras provid\u00eancias.","indexacao":"Projeto de Lei n. 196/2019, \r\nAutoria: Executivo Municipal.\r\nPublica\u00e7\u00e3o: DOM de 11/07/2019, edi\u00e7\u00e3o n. 4636, ano XX.\r\nPalavras-chave: Servidor P\u00fablico; Cargo de Especialista em Sa\u00fade \u2013 M\u00e9dico; Secretaria Municipal de Sa\u00fade (Semsa), M\u00e9dico do Trabalho, M\u00e9dico Intensivista Neonatologista, M\u00e9dico Nefrologista Pediatra, M\u00e9dico Neuropediatra, M\u00e9dico Patologista, M\u00e9dico Cl\u00ednico Geral, M\u00e9dico Anestesiologista,\r\nM\u00e9dico Cardiologista, M\u00e9dico-Cirurgi\u00e3o, M\u00e9dico Dermatologista, M\u00e9dico do Trabalho, M\u00e9dico em Ger\u00eancia de Sistemas e Servi\u00e7os de Sa\u00fade, M\u00e9dico em Planejamento em Sa\u00fade, M\u00e9dico em Pol\u00edtica e Gest\u00e3o em Sa\u00fade, M\u00e9dico Endocrinologista, M\u00e9dico Epidemiologista, M\u00e9dico Gastroenterologista,\r\nM\u00e9dico Ginecologista, M\u00e9dico Ginecologista-Obstetra, M\u00e9dico Hematologista, M\u00e9dico Infectologista, M\u00e9dico Intensivista Neonatologista, M\u00e9dico Mastologista, M\u00e9dico Nefrologista, M\u00e9dico Nefrologista Pediatra, M\u00e9dico Neonatologista, M\u00e9dico Neurologista, M\u00e9dico Neuropediatra, M\u00e9dico Oftalmologista, M\u00e9dico Ortopedista, M\u00e9dico Otorrinolaringologista, M\u00e9dico Patologista, M\u00e9dico Pediatra, M\u00e9dico Pneumologista, M\u00e9dico Psiquiatra,\r\nM\u00e9dico Radiologista, M\u00e9dico Reumatologista, M\u00e9dico Ultrassonografista, M\u00e9dico Urgencista, M\u00e9dico Urologista, M\u00e9dico Vascula, M\u00e9dico Cl\u00ednico Geral","observacao":"Altera Lei n. 1.223, de 26 de mar\u00e7o de 2008.\r\nRevogada pela Lei n. 2.599, de 08.04.2020, Publicada no DOM, de 08.04.2020. Edi\u00e7\u00e3o n. 4816, Ano XXI.","complemento":false,"data_vigencia":"2020-04-08","timestamp":"2025-03-13T16:44:11.680867-04:00","data_ultima_atualizacao":"2025-03-13T16:44:11.682713-04:00","ip":"172.23.4.225","ultima_edicao":"2025-03-13T16:44:11.367935-04:00","tipo":2,"materia":3362,"orgao":null,"user":18,"assuntos":[178,65,3],"autores":[]}