{"id":2249,"__str__":"Lei Ordin\u00e1ria n\u00ba 2.320, de 06 de junho de 2018","metadata":{},"texto_integral":"http://sapl.cmm.am.gov.br/media/sapl/public/normajuridica/2018/2249/lei_n_2320_de_06_jun_2018_.pdf","numero":"2320","ano":2018,"esfera_federacao":"M","data":"2018-06-06","data_publicacao":"2018-06-06","veiculo_publicacao":"DOM","pagina_inicio_publicacao":null,"pagina_fim_publicacao":null,"ementa":"CRIA a Escola de Sa\u00fade P\u00fablica de Manaus (Esap/Manaus) e o Programa de Bolsas de Estudo, Pesquisa e Extens\u00e3o para a Educa\u00e7\u00e3o pelo Trabalho (Probes), no \u00e2mbito da Secretaria Municipal de Sa\u00fade (Semsa), e d\u00e1 outras provid\u00eancias.","indexacao":"PL n. 087/2018\r\nAutoria: Executivo Municipal\r\nPublica\u00e7\u00e3o: DOM de 06.06.2018, edi\u00e7\u00e3o n. 4.376, Ano XIX\r\nPalavras-chave: Escola de Sa\u00fade P\u00fablica de Manaus, Esap/Manaus, Programa de Bolsas de Estudo, Pesquisa e Extens\u00e3o para a Educa\u00e7\u00e3o pelo Trabalho, Probes Secretaria Municipal de Sa\u00fade Semsa, Estrutura da Secretaria Municipal de Sa\u00fade, Sa\u00fade, estrutura organizacional da Escola de Sa\u00fade P\u00fablica de Manaus (ESAP / Manaus), Diretoria Executiva, Secretaria de Gabinete, Assessoria de Gabinete, Departamento T\u00e9cnico-Cient\u00edfico, Divis\u00e3o T\u00e9cnico- Administrativa, Secretaria Escolar, N\u00facleo de Pesquisa, Extens\u00e3o e Inova\u00e7\u00e3o em Sa\u00fade, Setor de Desenvolvimento e Suporte em T.I., Departamento de Gest\u00e3o da Educa\u00e7\u00e3o na Sa\u00fade, Ger\u00eancia de Ensino, N\u00facleo de Est\u00e1gios e A\u00e7\u00f5es Integradas, N\u00facleo de A\u00e7\u00f5es Estrat\u00e9gicas de Educa\u00e7\u00e3o na Sa\u00fade, Diretor Executivo, Diretor de Departamento SGAS-6, Chefe de Divis\u00e3o SGAS-4, Secret\u00e1rio Escolar SGAS-3, Secret\u00e1rio de Gabinete SGAS-2, Apoio T\u00e9cnico SGAS-1, Chefia e Assessoramento, fun\u00e7\u00f5es de confian\u00e7a, gest\u00e3o da sa\u00fade, cargos em comiss\u00e3o\r\n\r\nAlterada pela Lei n. 2.927, de 05 de julho de 2022. Publicada no DOM, de 05.07.2022 \u2013 n. 5377, ano XXIII.","observacao":"Alterada pela Lei n. 2.927, de 05 de julho de 2022. Publicada no DOM, de 05.07.2022 \u2013 n. 5377, ano XXIII.","complemento":false,"data_vigencia":null,"timestamp":"2024-07-03T11:03:15.590289-04:00","data_ultima_atualizacao":"2024-07-03T11:03:15.592466-04:00","ip":"172.23.4.180","ultima_edicao":"2024-07-03T11:03:15.360642-04:00","tipo":2,"materia":null,"orgao":null,"user":18,"assuntos":[33,65],"autores":[]}