{"id":2248,"__str__":"Lei Ordin\u00e1ria n\u00ba 2.321, de 06 de junho de 2018","metadata":{},"texto_integral":"http://sapl.cmm.am.gov.br/media/sapl/public/normajuridica/2018/2248/lei_n_2321_de_06_jun_2018.pdf","numero":"2321","ano":2018,"esfera_federacao":"M","data":"2018-06-06","data_publicacao":"2018-06-06","veiculo_publicacao":"DOM","pagina_inicio_publicacao":null,"pagina_fim_publicacao":null,"ementa":"AFETA im\u00f3vel para uso especial da Prefeitura de Manaus e d\u00e1 outras provid\u00eancias.","indexacao":"PL n. 080/2018\r\nAutoria: Executivo Municipal\r\nPublica\u00e7\u00e3o: DOM de 06.06.2018, edi\u00e7\u00e3o n. 4.376, Ano XIX\r\nPalavras-chave: Patrim\u00f4nio Municipal, Im\u00f3vel, Uso especial, Base de Servi\u00e7o de Atendimento M\u00f3vel de Urg\u00eancia, Samu, Patrim\u00f4nio Municipal, afeta, Rua Lima e Silva, n. 2, Conjunto Mucuripe, Parque Dez de Novembro, matr\u00edcula de IPTU n. 92308, CEP 69055-717, antiga Farm\u00e1cia Popular, Jorge Aguiar, Avenida Ephig\u00eanio Salles, Condom\u00ednio Mont Clair, Rua Mucuripe, \r\n\r\nRevoga o inciso VII do art. 1.\u00ba da Lei n. 2.189, de 28 de dezembro de 2016.","observacao":"Revoga o inciso VII do art. 1.\u00ba da Lei n. 2.189, de 28 de dezembro de 2016.","complemento":false,"data_vigencia":null,"timestamp":"2023-03-27T08:50:58.764075-04:00","data_ultima_atualizacao":"2023-03-27T08:50:58.764248-04:00","ip":"172.17.0.1","ultima_edicao":"2023-03-27T08:50:58.760999-04:00","tipo":2,"materia":null,"orgao":null,"user":18,"assuntos":[4,65,1046],"autores":[]}