{"id":2210,"__str__":"Emenda \u00e0 Loman n\u00ba 66, de 22 de junho de 2010","metadata":{},"texto_integral":"http://sapl.cmm.am.gov.br/media/sapl/public/normajuridica/2010/2210/emenda_loman_066_de_22_06_2010.pdf","numero":"66","ano":2010,"esfera_federacao":"M","data":"2010-06-22","data_publicacao":"2010-07-06","veiculo_publicacao":"DOM","pagina_inicio_publicacao":26,"pagina_fim_publicacao":26,"ementa":"ALTERA a reda\u00e7\u00e3o do inciso XI do artigo 332, e do inciso II do artigo 347 da Lei Org\u00e2nica do Munic\u00edpio de Manaus.","indexacao":"Portadores de necessidades especiais\r\ndefici\u00eancia f\u00edsica\r\nsensitiva\r\nsuperdotados\r\nDOM N. 2478, \r\nANO XI\t\r\nPEL \u2013 012/2009 \r\nVer. Mitoso","observacao":"","complemento":false,"data_vigencia":null,"timestamp":"2021-04-23T11:02:54.203005-04:00","data_ultima_atualizacao":"2021-04-23T11:02:54.212129-04:00","ip":"201.75.25.251","ultima_edicao":"2021-04-23T10:54:43.985170-04:00","tipo":5,"materia":null,"orgao":null,"user":18,"assuntos":[59],"autores":[]}